{"id":120,"date":"2019-01-30T15:40:48","date_gmt":"2019-01-30T18:40:48","guid":{"rendered":"http:\/\/clubearamacan.com.br\/memoriasaramacan\/?p=120"},"modified":"2022-05-20T20:05:37","modified_gmt":"2022-05-20T23:05:37","slug":"nicolas-zanellato-do-paie-para-o-mundo","status":"publish","type":"post","link":"https:\/\/clubearamacan.com.br\/memoriasaramacan\/nicolas-zanellato-do-paie-para-o-mundo\/","title":{"rendered":"Nicolas Zanellato do PAIE para o mundo"},"content":{"rendered":"<p>O associado Nicolas Zanellato, 16 anos, completou em 2018 dez anos de pr\u00e1tica do t\u00eanis. Tudo come\u00e7ou quando aos seis anos de idade, se inscreveu no PAIE, Programa Arama\u00e7an de Incentivo ao Esporte e passou a fazer aulas com o professor Fernando Sturm. Depois de Fernando, Nicolas come\u00e7ou a treinar com o professor Vin\u00edcius (foto em destaque). Durante 4 anos competiu exclusivamente no Arama\u00e7an, adquirindo assim uma \u00f3tima base.<\/p>\n<div id=\"attachment_122\" style=\"width: 210px\" class=\"wp-caption alignleft\"><img aria-describedby=\"caption-attachment-122\" decoding=\"async\" loading=\"lazy\" class=\"wp-image-122 size-medium\" src=\"http:\/\/clubearamacan.com.br\/memoriasaramacan\/wp-content\/uploads\/2019\/01\/IMG_9964-200x300.jpg\" alt=\"\" width=\"200\" height=\"300\" srcset=\"https:\/\/clubearamacan.com.br\/memoriasaramacan\/wp-content\/uploads\/2019\/01\/IMG_9964-200x300.jpg 200w, https:\/\/clubearamacan.com.br\/memoriasaramacan\/wp-content\/uploads\/2019\/01\/IMG_9964-768x1152.jpg 768w, https:\/\/clubearamacan.com.br\/memoriasaramacan\/wp-content\/uploads\/2019\/01\/IMG_9964-683x1024.jpg 683w, https:\/\/clubearamacan.com.br\/memoriasaramacan\/wp-content\/uploads\/2019\/01\/IMG_9964-233x350.jpg 233w, https:\/\/clubearamacan.com.br\/memoriasaramacan\/wp-content\/uploads\/2019\/01\/IMG_9964.jpg 1365w\" sizes=\"(max-width: 200px) 100vw, 200px\" \/><p id=\"caption-attachment-122\" class=\"wp-caption-text\">Junto com Fernando Sturm<\/p><\/div>\n<p>O pr\u00f3ximo passo de Nicolas foi se filiar a Federa\u00e7\u00e3o Paulista de T\u00eanis, FTP para disputar competi\u00e7\u00f5es estaduais. Aos 12 anos, se tornou l\u00edder do ranking da FPT e venceu o Circuito Paulista de T\u00eanis em duplas e o Torneio Aberto Infantojuvenil.<\/p>\n<p>No \u00e2mbito nacional, foi evoluindo como atleta, disputando e vencendo etapas do Circuito da Confedera\u00e7\u00e3o Brasileira de T\u00eanis. Aos 15 anos se tornou atleta da <em>International T\u00eanis Federation<\/em>, ITF. Em 2017 veio o primeiro t\u00edtulo internacional, a Copa Guga Kuerten na disputa de duplas, com o parceiro Brian Kuntz.<\/p>\n<p>Neste ano conseguiu seu melhor resultado, quando foi vice-campe\u00e3o do I.T.F Junior de Curitiba. Na final enfrentou Rodrigo de Santis Carvalho, de 18 anos, em jogo que teve mais de 3 horas de dura\u00e7\u00e3o. O atleta planeja cada est\u00e1gio de sua carreira treinando no Instituto T\u00eanis de Barueri, onde vive atualmente. \u201cMeu objetivo \u00e9 em 2020 disputar os <em>Grand Slam <\/em>da ITF\u201d, afirmou Nicolas. Para isto, nosso tenista precisa estar entre os \u201cTop 100\u201d do mundo.\u00a0 Estamos na torcida!<\/p>\n<p><strong>Texto\/fotos: Peter Suzano<\/strong><\/p>\n<p><strong>Edi\u00e7\u00e3o: Ramon de Castro<\/strong><\/p>\n","protected":false},"excerpt":{"rendered":"<p>O associado Nicolas Zanellato, 16 anos, completou em 2018 dez anos de pr\u00e1tica do t\u00eanis. Tudo come\u00e7ou quando aos seis anos de idade, se inscreveu no PAIE, Programa Arama\u00e7an de Incentivo ao Esporte.<\/p>\n","protected":false},"author":4,"featured_media":121,"comment_status":"open","ping_status":"open","sticky":false,"template":"","format":"standard","meta":{"footnotes":""},"categories":[2],"tags":[27,17],"_links":{"self":[{"href":"https:\/\/clubearamacan.com.br\/memoriasaramacan\/wp-json\/wp\/v2\/posts\/120"}],"collection":[{"href":"https:\/\/clubearamacan.com.br\/memoriasaramacan\/wp-json\/wp\/v2\/posts"}],"about":[{"href":"https:\/\/clubearamacan.com.br\/memoriasaramacan\/wp-json\/wp\/v2\/types\/post"}],"author":[{"embeddable":true,"href":"https:\/\/clubearamacan.com.br\/memoriasaramacan\/wp-json\/wp\/v2\/users\/4"}],"replies":[{"embeddable":true,"href":"https:\/\/clubearamacan.com.br\/memoriasaramacan\/wp-json\/wp\/v2\/comments?post=120"}],"version-history":[{"count":6,"href":"https:\/\/clubearamacan.com.br\/memoriasaramacan\/wp-json\/wp\/v2\/posts\/120\/revisions"}],"predecessor-version":[{"id":306,"href":"https:\/\/clubearamacan.com.br\/memoriasaramacan\/wp-json\/wp\/v2\/posts\/120\/revisions\/306"}],"wp:featuredmedia":[{"embeddable":true,"href":"https:\/\/clubearamacan.com.br\/memoriasaramacan\/wp-json\/wp\/v2\/media\/121"}],"wp:attachment":[{"href":"https:\/\/clubearamacan.com.br\/memoriasaramacan\/wp-json\/wp\/v2\/media?parent=120"}],"wp:term":[{"taxonomy":"category","embeddable":true,"href":"https:\/\/clubearamacan.com.br\/memoriasaramacan\/wp-json\/wp\/v2\/categories?post=120"},{"taxonomy":"post_tag","embeddable":true,"href":"https:\/\/clubearamacan.com.br\/memoriasaramacan\/wp-json\/wp\/v2\/tags?post=120"}],"curies":[{"name":"wp","href":"https:\/\/api.w.org\/{rel}","templated":true}]}}