{"id":151,"date":"2017-04-10T10:13:29","date_gmt":"2017-04-10T13:13:29","guid":{"rendered":"http:\/\/clubearamacan.com.br\/memoriasaramacan\/?p=151"},"modified":"2022-05-20T20:07:32","modified_gmt":"2022-05-20T23:07:32","slug":"o-boliche-aramacan","status":"publish","type":"post","link":"https:\/\/clubearamacan.com.br\/memoriasaramacan\/o-boliche-aramacan\/","title":{"rendered":"O Boliche Arama\u00e7an"},"content":{"rendered":"<p>Entre os significativos projetos realizados no Clube por Alvaro Nos\u00e9, n\u00e3o poder\u00edamos deixar de mencionar a obra do chamado \u201cProjeto de Verticaliza\u00e7\u00e3o do Clube\u201d (o atual Pr\u00e9dio Social). O projeto foi um desejo que o ex-presidente queria proporcionar na \u00e9poca aos associados.<\/p>\n<p>\u201cSe n\u00e3o d\u00e1 para seguir na horizontal, ent\u00e3o vamos subir na vertical, dotando o Clube de constru\u00e7\u00f5es que possam abrigar as reais necessidades esportivas, recreativas, sociais e culturais do nosso Arama\u00e7an\u201d, disse Nos\u00e9. Inicialmente em 1992, constavam no projeto a constru\u00e7\u00e3o da piscina t\u00e9rmica e do boliche no andar t\u00e9rreo.<\/p>\n<p>Com as obras a todo vapor, ap\u00f3s a constru\u00e7\u00e3o da piscina t\u00e9rmica, houve a Inaugura\u00e7\u00e3o do Boliche Arama\u00e7an no dia 14 de abril de 1993. No espa\u00e7o foram instaladas seis pistas em tamanho padr\u00e3o oficial\/internacional e mais, sala de espera e bar pr\u00f3prio que contou com a degusta\u00e7\u00e3o de lanches e bebidas, al\u00e9m da ansiedade e anima\u00e7\u00e3o da Diretoria e alguns s\u00f3cios que tiveram o direito a v\u00e1rias partidas individuais.<\/p>\n\n\t\t\t<style type='text\/css'>\n\t\t\t\t#gallery-1 {\n\t\t\t\t\tmargin: auto;\n\t\t\t\t}\n\t\t\t\t#gallery-1 .gallery-item {\n\t\t\t\t\tfloat: left;\n\t\t\t\t\tmargin-top: 10px;\n\t\t\t\t\ttext-align: center;\n\t\t\t\t\twidth: 33%;\n\t\t\t\t}\n\t\t\t\t#gallery-1 img {\n\t\t\t\t\tborder: 2px solid #cfcfcf;\n\t\t\t\t}\n\t\t\t\t#gallery-1 .gallery-caption {\n\t\t\t\t\tmargin-left: 0;\n\t\t\t\t}\n\t\t\t\t\/* see gallery_shortcode() in wp-includes\/media.php *\/\n\t\t\t<\/style>\n\t\t<div id='gallery-1' class='dt-gallery-container gallery galleryid-151 gallery-columns-3 gallery-size-medium'><dl class='gallery-item'>\n\t\t\t\t<dt class='gallery-icon landscape'>\n\t\t\t\t\t<a class=\"rollover\" href='https:\/\/clubearamacan.com.br\/memoriasaramacan\/o-boliche-aramacan\/attachment\/1\/'><img width=\"300\" height=\"201\" src=\"https:\/\/clubearamacan.com.br\/memoriasaramacan\/wp-content\/uploads\/2019\/04\/1-300x201.jpg\" class=\"attachment-medium size-medium\" alt=\"\" decoding=\"async\" loading=\"lazy\" srcset=\"https:\/\/clubearamacan.com.br\/memoriasaramacan\/wp-content\/uploads\/2019\/04\/1-300x201.jpg 300w, https:\/\/clubearamacan.com.br\/memoriasaramacan\/wp-content\/uploads\/2019\/04\/1-768x514.jpg 768w, https:\/\/clubearamacan.com.br\/memoriasaramacan\/wp-content\/uploads\/2019\/04\/1-1024x685.jpg 1024w, https:\/\/clubearamacan.com.br\/memoriasaramacan\/wp-content\/uploads\/2019\/04\/1-523x350.jpg 523w, https:\/\/clubearamacan.com.br\/memoriasaramacan\/wp-content\/uploads\/2019\/04\/1.jpg 1200w\" sizes=\"(max-width: 300px) 100vw, 300px\" \/><\/a>\n\t\t\t\t<\/dt><\/dl><dl class='gallery-item'>\n\t\t\t\t<dt class='gallery-icon landscape'>\n\t\t\t\t\t<a class=\"rollover\" href='https:\/\/clubearamacan.com.br\/memoriasaramacan\/o-boliche-aramacan\/attachment\/3\/'><img width=\"300\" height=\"199\" src=\"https:\/\/clubearamacan.com.br\/memoriasaramacan\/wp-content\/uploads\/2019\/04\/3-300x199.jpg\" class=\"attachment-medium size-medium\" alt=\"\" decoding=\"async\" loading=\"lazy\" srcset=\"https:\/\/clubearamacan.com.br\/memoriasaramacan\/wp-content\/uploads\/2019\/04\/3-300x199.jpg 300w, https:\/\/clubearamacan.com.br\/memoriasaramacan\/wp-content\/uploads\/2019\/04\/3-768x509.jpg 768w, https:\/\/clubearamacan.com.br\/memoriasaramacan\/wp-content\/uploads\/2019\/04\/3-1024x679.jpg 1024w, https:\/\/clubearamacan.com.br\/memoriasaramacan\/wp-content\/uploads\/2019\/04\/3-528x350.jpg 528w, https:\/\/clubearamacan.com.br\/memoriasaramacan\/wp-content\/uploads\/2019\/04\/3.jpg 1200w\" sizes=\"(max-width: 300px) 100vw, 300px\" \/><\/a>\n\t\t\t\t<\/dt><\/dl><dl class='gallery-item'>\n\t\t\t\t<dt class='gallery-icon landscape'>\n\t\t\t\t\t<a class=\"rollover\" href='https:\/\/clubearamacan.com.br\/memoriasaramacan\/o-boliche-aramacan\/attachment\/6\/'><img width=\"300\" height=\"217\" src=\"https:\/\/clubearamacan.com.br\/memoriasaramacan\/wp-content\/uploads\/2019\/04\/6-300x217.jpg\" class=\"attachment-medium size-medium\" alt=\"\" decoding=\"async\" loading=\"lazy\" srcset=\"https:\/\/clubearamacan.com.br\/memoriasaramacan\/wp-content\/uploads\/2019\/04\/6-300x217.jpg 300w, https:\/\/clubearamacan.com.br\/memoriasaramacan\/wp-content\/uploads\/2019\/04\/6-768x554.jpg 768w, https:\/\/clubearamacan.com.br\/memoriasaramacan\/wp-content\/uploads\/2019\/04\/6-1024x739.jpg 1024w, https:\/\/clubearamacan.com.br\/memoriasaramacan\/wp-content\/uploads\/2019\/04\/6-485x350.jpg 485w, https:\/\/clubearamacan.com.br\/memoriasaramacan\/wp-content\/uploads\/2019\/04\/6.jpg 1039w\" sizes=\"(max-width: 300px) 100vw, 300px\" \/><\/a>\n\t\t\t\t<\/dt><\/dl><br style=\"clear: both\" \/>\n\t\t\t<\/div>\n\n<p>Em 1998 com o novo projeto do Pr\u00e9dio Social assinado pelo arquiteto Tadeu Pina, foram pensados na constru\u00e7\u00e3o de cinco andares. Devido \u00e0s obras, o espa\u00e7o precisou ser adaptado para liberar a circula\u00e7\u00e3o de pessoas pelo andar t\u00e9rreo sendo necess\u00e1ria a transfer\u00eancia do boliche para o primeiro andar.<\/p>\n<p>E o Pr\u00e9dio n\u00e3o deixava de crescer. Sucederam-se as inaugura\u00e7\u00f5es e adapta\u00e7\u00f5es: o segundo andar do Pr\u00e9dio Social foi entregue em 1999. O boliche foi transferido novamente dessa vez com seis pistas computadorizadas.<\/p>\n\n\t\t\t<style type='text\/css'>\n\t\t\t\t#gallery-2 {\n\t\t\t\t\tmargin: auto;\n\t\t\t\t}\n\t\t\t\t#gallery-2 .gallery-item {\n\t\t\t\t\tfloat: left;\n\t\t\t\t\tmargin-top: 10px;\n\t\t\t\t\ttext-align: center;\n\t\t\t\t\twidth: 33%;\n\t\t\t\t}\n\t\t\t\t#gallery-2 img {\n\t\t\t\t\tborder: 2px solid #cfcfcf;\n\t\t\t\t}\n\t\t\t\t#gallery-2 .gallery-caption {\n\t\t\t\t\tmargin-left: 0;\n\t\t\t\t}\n\t\t\t\t\/* see gallery_shortcode() in wp-includes\/media.php *\/\n\t\t\t<\/style>\n\t\t<div id='gallery-2' class='dt-gallery-container gallery galleryid-151 gallery-columns-3 gallery-size-medium'><dl class='gallery-item'>\n\t\t\t\t<dt class='gallery-icon landscape'>\n\t\t\t\t\t<a class=\"rollover\" href='https:\/\/clubearamacan.com.br\/memoriasaramacan\/o-boliche-aramacan\/attachment\/2\/'><img width=\"300\" height=\"200\" src=\"https:\/\/clubearamacan.com.br\/memoriasaramacan\/wp-content\/uploads\/2019\/04\/2-300x200.jpg\" class=\"attachment-medium size-medium\" alt=\"\" decoding=\"async\" loading=\"lazy\" srcset=\"https:\/\/clubearamacan.com.br\/memoriasaramacan\/wp-content\/uploads\/2019\/04\/2-300x200.jpg 300w, https:\/\/clubearamacan.com.br\/memoriasaramacan\/wp-content\/uploads\/2019\/04\/2-768x511.jpg 768w, https:\/\/clubearamacan.com.br\/memoriasaramacan\/wp-content\/uploads\/2019\/04\/2-1024x682.jpg 1024w, https:\/\/clubearamacan.com.br\/memoriasaramacan\/wp-content\/uploads\/2019\/04\/2-526x350.jpg 526w, https:\/\/clubearamacan.com.br\/memoriasaramacan\/wp-content\/uploads\/2019\/04\/2.jpg 1200w\" sizes=\"(max-width: 300px) 100vw, 300px\" \/><\/a>\n\t\t\t\t<\/dt><\/dl><dl class='gallery-item'>\n\t\t\t\t<dt class='gallery-icon landscape'>\n\t\t\t\t\t<a class=\"rollover\" href='https:\/\/clubearamacan.com.br\/memoriasaramacan\/o-boliche-aramacan\/attachment\/4\/'><img width=\"300\" height=\"199\" src=\"https:\/\/clubearamacan.com.br\/memoriasaramacan\/wp-content\/uploads\/2019\/04\/4-300x199.jpg\" class=\"attachment-medium size-medium\" alt=\"\" decoding=\"async\" loading=\"lazy\" srcset=\"https:\/\/clubearamacan.com.br\/memoriasaramacan\/wp-content\/uploads\/2019\/04\/4-300x199.jpg 300w, https:\/\/clubearamacan.com.br\/memoriasaramacan\/wp-content\/uploads\/2019\/04\/4-768x508.jpg 768w, https:\/\/clubearamacan.com.br\/memoriasaramacan\/wp-content\/uploads\/2019\/04\/4-1024x678.jpg 1024w, https:\/\/clubearamacan.com.br\/memoriasaramacan\/wp-content\/uploads\/2019\/04\/4-529x350.jpg 529w, https:\/\/clubearamacan.com.br\/memoriasaramacan\/wp-content\/uploads\/2019\/04\/4.jpg 1200w\" sizes=\"(max-width: 300px) 100vw, 300px\" \/><\/a>\n\t\t\t\t<\/dt><\/dl><dl class='gallery-item'>\n\t\t\t\t<dt class='gallery-icon landscape'>\n\t\t\t\t\t<a class=\"rollover\" href='https:\/\/clubearamacan.com.br\/memoriasaramacan\/o-boliche-aramacan\/attachment\/5\/'><img width=\"300\" height=\"198\" src=\"https:\/\/clubearamacan.com.br\/memoriasaramacan\/wp-content\/uploads\/2019\/04\/5-300x198.jpg\" class=\"attachment-medium size-medium\" alt=\"\" decoding=\"async\" loading=\"lazy\" srcset=\"https:\/\/clubearamacan.com.br\/memoriasaramacan\/wp-content\/uploads\/2019\/04\/5-300x198.jpg 300w, https:\/\/clubearamacan.com.br\/memoriasaramacan\/wp-content\/uploads\/2019\/04\/5-768x508.jpg 768w, https:\/\/clubearamacan.com.br\/memoriasaramacan\/wp-content\/uploads\/2019\/04\/5-1024x677.jpg 1024w, https:\/\/clubearamacan.com.br\/memoriasaramacan\/wp-content\/uploads\/2019\/04\/5-530x350.jpg 530w, https:\/\/clubearamacan.com.br\/memoriasaramacan\/wp-content\/uploads\/2019\/04\/5.jpg 1200w\" sizes=\"(max-width: 300px) 100vw, 300px\" \/><\/a>\n\t\t\t\t<\/dt><\/dl><br style=\"clear: both\" \/>\n\t\t\t<\/div>\n\n<p>Al\u00e9m de proporcionar a op\u00e7\u00e3o de lazer ao associado, no decorrer dos anos come\u00e7aram a serem realizados os variados Torneios de Boliche seja em grupo ou individual e com a participa\u00e7\u00e3o desde crian\u00e7as at\u00e9 adultos f\u00e3s da pr\u00e1tica do esporte, todos com direito a premia\u00e7\u00e3o.<\/p>\n\n\t\t\t<style type='text\/css'>\n\t\t\t\t#gallery-3 {\n\t\t\t\t\tmargin: auto;\n\t\t\t\t}\n\t\t\t\t#gallery-3 .gallery-item {\n\t\t\t\t\tfloat: left;\n\t\t\t\t\tmargin-top: 10px;\n\t\t\t\t\ttext-align: center;\n\t\t\t\t\twidth: 50%;\n\t\t\t\t}\n\t\t\t\t#gallery-3 img {\n\t\t\t\t\tborder: 2px solid #cfcfcf;\n\t\t\t\t}\n\t\t\t\t#gallery-3 .gallery-caption {\n\t\t\t\t\tmargin-left: 0;\n\t\t\t\t}\n\t\t\t\t\/* see gallery_shortcode() in wp-includes\/media.php *\/\n\t\t\t<\/style>\n\t\t<div id='gallery-3' class='dt-gallery-container gallery galleryid-151 gallery-columns-2 gallery-size-medium'><dl class='gallery-item'>\n\t\t\t\t<dt class='gallery-icon landscape'>\n\t\t\t\t\t<a class=\"rollover\" href='https:\/\/clubearamacan.com.br\/memoriasaramacan\/o-boliche-aramacan\/attachment\/7\/'><img width=\"300\" height=\"200\" src=\"https:\/\/clubearamacan.com.br\/memoriasaramacan\/wp-content\/uploads\/2019\/04\/7-300x200.jpg\" class=\"attachment-medium size-medium\" alt=\"\" decoding=\"async\" loading=\"lazy\" srcset=\"https:\/\/clubearamacan.com.br\/memoriasaramacan\/wp-content\/uploads\/2019\/04\/7-300x200.jpg 300w, https:\/\/clubearamacan.com.br\/memoriasaramacan\/wp-content\/uploads\/2019\/04\/7-768x512.jpg 768w, https:\/\/clubearamacan.com.br\/memoriasaramacan\/wp-content\/uploads\/2019\/04\/7-525x350.jpg 525w, https:\/\/clubearamacan.com.br\/memoriasaramacan\/wp-content\/uploads\/2019\/04\/7.jpg 960w\" sizes=\"(max-width: 300px) 100vw, 300px\" \/><\/a>\n\t\t\t\t<\/dt><\/dl><dl class='gallery-item'>\n\t\t\t\t<dt class='gallery-icon landscape'>\n\t\t\t\t\t<a class=\"rollover\" href='https:\/\/clubearamacan.com.br\/memoriasaramacan\/o-boliche-aramacan\/attachment\/8\/'><img width=\"300\" height=\"200\" src=\"https:\/\/clubearamacan.com.br\/memoriasaramacan\/wp-content\/uploads\/2019\/04\/8-300x200.jpg\" class=\"attachment-medium size-medium\" alt=\"\" decoding=\"async\" loading=\"lazy\" srcset=\"https:\/\/clubearamacan.com.br\/memoriasaramacan\/wp-content\/uploads\/2019\/04\/8-300x200.jpg 300w, https:\/\/clubearamacan.com.br\/memoriasaramacan\/wp-content\/uploads\/2019\/04\/8-768x512.jpg 768w, https:\/\/clubearamacan.com.br\/memoriasaramacan\/wp-content\/uploads\/2019\/04\/8-525x350.jpg 525w, https:\/\/clubearamacan.com.br\/memoriasaramacan\/wp-content\/uploads\/2019\/04\/8.jpg 960w\" sizes=\"(max-width: 300px) 100vw, 300px\" \/><\/a>\n\t\t\t\t<\/dt><\/dl><br style=\"clear: both\" \/>\n\t\t\t<\/div>\n\n<p>Traga seus amigos e familiares e venha mostrar o quanto voc\u00ea \u00e9 bom nos strikes, nesse que \u00e9 o melhor campeonato de boliche do ABC. Mais informa\u00e7\u00f5es no Departamento de Esportes: 4972-8200.<\/p>\n<p><strong>Edi\u00e7\u00e3o: Ramon de Castro<\/strong><\/p>\n","protected":false},"excerpt":{"rendered":"<p>Entre os significativos projetos realizados no Clube por Alvaro Nos\u00e9, n\u00e3o poder\u00edamos deixar de mencionar a obra do chamado \u201cProjeto de Verticaliza\u00e7\u00e3o do Clube\u201d (o atual Pr\u00e9dio Social).<\/p>\n","protected":false},"author":4,"featured_media":156,"comment_status":"open","ping_status":"open","sticky":false,"template":"","format":"standard","meta":{"footnotes":""},"categories":[2],"tags":[38,17],"_links":{"self":[{"href":"https:\/\/clubearamacan.com.br\/memoriasaramacan\/wp-json\/wp\/v2\/posts\/151"}],"collection":[{"href":"https:\/\/clubearamacan.com.br\/memoriasaramacan\/wp-json\/wp\/v2\/posts"}],"about":[{"href":"https:\/\/clubearamacan.com.br\/memoriasaramacan\/wp-json\/wp\/v2\/types\/post"}],"author":[{"embeddable":true,"href":"https:\/\/clubearamacan.com.br\/memoriasaramacan\/wp-json\/wp\/v2\/users\/4"}],"replies":[{"embeddable":true,"href":"https:\/\/clubearamacan.com.br\/memoriasaramacan\/wp-json\/wp\/v2\/comments?post=151"}],"version-history":[{"count":5,"href":"https:\/\/clubearamacan.com.br\/memoriasaramacan\/wp-json\/wp\/v2\/posts\/151\/revisions"}],"predecessor-version":[{"id":338,"href":"https:\/\/clubearamacan.com.br\/memoriasaramacan\/wp-json\/wp\/v2\/posts\/151\/revisions\/338"}],"wp:featuredmedia":[{"embeddable":true,"href":"https:\/\/clubearamacan.com.br\/memoriasaramacan\/wp-json\/wp\/v2\/media\/156"}],"wp:attachment":[{"href":"https:\/\/clubearamacan.com.br\/memoriasaramacan\/wp-json\/wp\/v2\/media?parent=151"}],"wp:term":[{"taxonomy":"category","embeddable":true,"href":"https:\/\/clubearamacan.com.br\/memoriasaramacan\/wp-json\/wp\/v2\/categories?post=151"},{"taxonomy":"post_tag","embeddable":true,"href":"https:\/\/clubearamacan.com.br\/memoriasaramacan\/wp-json\/wp\/v2\/tags?post=151"}],"curies":[{"name":"wp","href":"https:\/\/api.w.org\/{rel}","templated":true}]}}