{"id":1079,"date":"2021-11-05T11:49:07","date_gmt":"2021-11-05T14:49:07","guid":{"rendered":"https:\/\/clubearamacan.com.br\/newsonline\/?p=1079"},"modified":"2021-11-05T11:55:49","modified_gmt":"2021-11-05T14:55:49","slug":"sabe-retornos-das-aulas-de-flamenco","status":"publish","type":"post","link":"https:\/\/clubearamacan.com.br\/newsonline\/sabe-retornos-das-aulas-de-flamenco\/","title":{"rendered":"SABE \u2013 Retornos das Aulas de Flamenco"},"content":{"rendered":"\n<p>As aulas de Dan\u00e7a Flamenca do Programa Sa\u00fade e Bem-Estar (SABE) retornaram de forma presencial no dia 04 de novembro. Os ensaios com a professora Darci s\u00e3o realizados \u00e0s quinta-feiras, no 1\u00ba andar do Centro Feminino do Arama\u00e7an. O curso ficou mais de 18 meses de paralisado devido a pandemia do novo coronav\u00edrus. O retorno aconteceu seguindo todos os protocolos sanit\u00e1rios do CAA e conforme nossa <a rel=\"noreferrer noopener\" href=\"https:\/\/clubearamacan.com.br\/wp-content\/uploads\/2021\/01\/cartilha-boas-praticas.pdf\" target=\"_blank\">Cartilha de Boas Pr\u00e1ticas<\/a>.<\/p>\n\n\n\n<p>Em novembro, o SABE retornou tamb\u00e9m com as atividades aqu\u00e1ticas e alongamento \u00e0s quartas e sextas-feiras (per\u00edodo da manh\u00e3). Quer participar do SABE? Fa\u00e7a sua inscri\u00e7\u00e3o na Secretaria Esportiva. Mais informa\u00e7\u00f5es sobre os cursos pelo telefone (11) 4972-8200 Ramal: 8227 ou pelo e-mail:\u00a0<a href=\"mailto:esportes@aramacan.com.br\">esportes@aramacan.com.br<\/a>.<\/p>\n\n\n\n<p>Confira mais fotos das aulas de flamenco acessando nosso <a href=\"https:\/\/www.facebook.com\/aramacan\" target=\"_blank\" rel=\"noreferrer noopener\">Facebook<\/a>. <\/p>\n\n\n\n<p><strong>Texto\/Edi\u00e7\u00e3o\/Foto: Peter Suzano<\/strong><\/p>\n","protected":false},"excerpt":{"rendered":"<p>As aulas de Dan\u00e7a Flamenca do Programa Sa\u00fade e Bem-Estar (SABE) retornaram de forma presencial no dia 04 de novembro. Os ensaios com a professora Darci s\u00e3o realizados \u00e0s quinta-feiras, no 1\u00ba andar do Centro Feminino do Arama\u00e7an. O curso ficou mais de 18 meses de paralisado devido a pandemia do novo coronav\u00edrus. O retorno&hellip;<\/p>\n","protected":false},"author":2,"featured_media":1080,"comment_status":"open","ping_status":"open","sticky":false,"template":"","format":"standard","meta":{"footnotes":""},"categories":[3],"tags":[87,245,246,247,244],"_links":{"self":[{"href":"https:\/\/clubearamacan.com.br\/newsonline\/wp-json\/wp\/v2\/posts\/1079"}],"collection":[{"href":"https:\/\/clubearamacan.com.br\/newsonline\/wp-json\/wp\/v2\/posts"}],"about":[{"href":"https:\/\/clubearamacan.com.br\/newsonline\/wp-json\/wp\/v2\/types\/post"}],"author":[{"embeddable":true,"href":"https:\/\/clubearamacan.com.br\/newsonline\/wp-json\/wp\/v2\/users\/2"}],"replies":[{"embeddable":true,"href":"https:\/\/clubearamacan.com.br\/newsonline\/wp-json\/wp\/v2\/comments?post=1079"}],"version-history":[{"count":4,"href":"https:\/\/clubearamacan.com.br\/newsonline\/wp-json\/wp\/v2\/posts\/1079\/revisions"}],"predecessor-version":[{"id":1086,"href":"https:\/\/clubearamacan.com.br\/newsonline\/wp-json\/wp\/v2\/posts\/1079\/revisions\/1086"}],"wp:featuredmedia":[{"embeddable":true,"href":"https:\/\/clubearamacan.com.br\/newsonline\/wp-json\/wp\/v2\/media\/1080"}],"wp:attachment":[{"href":"https:\/\/clubearamacan.com.br\/newsonline\/wp-json\/wp\/v2\/media?parent=1079"}],"wp:term":[{"taxonomy":"category","embeddable":true,"href":"https:\/\/clubearamacan.com.br\/newsonline\/wp-json\/wp\/v2\/categories?post=1079"},{"taxonomy":"post_tag","embeddable":true,"href":"https:\/\/clubearamacan.com.br\/newsonline\/wp-json\/wp\/v2\/tags?post=1079"}],"curies":[{"name":"wp","href":"https:\/\/api.w.org\/{rel}","templated":true}]}}