{"id":1125,"date":"2021-11-23T13:08:59","date_gmt":"2021-11-23T16:08:59","guid":{"rendered":"https:\/\/clubearamacan.com.br\/newsonline\/?p=1125"},"modified":"2021-11-26T10:24:47","modified_gmt":"2021-11-26T13:24:47","slug":"novembro-azul-no-aramacan","status":"publish","type":"post","link":"https:\/\/clubearamacan.com.br\/newsonline\/novembro-azul-no-aramacan\/","title":{"rendered":"Novembro Azul no Arama\u00e7an"},"content":{"rendered":"\n<p><strong>Conscientiza\u00e7\u00e3o vai al\u00e9m do c\u00e2ncer de pr\u00f3stata<\/strong><\/p>\n\n\n\n<p>O Clube Atl\u00e9tico Arama\u00e7an fez uma s\u00e9rie de a\u00e7\u00f5es para promover o \u201cNovembro Azul\u201d, considerado o m\u00eas de conscientiza\u00e7\u00e3o para a preven\u00e7\u00e3o do c\u00e2ncer de pr\u00f3stata. No dia 18, os alunos e professores do Fitness Center Arama\u00e7an vestiram a cor azul durante as aulas. No dia 25, foi a vez da turma da Hidrogin\u00e1stica usar o azul, refor\u00e7ando assim a import\u00e2ncia do diagn\u00f3stico precoce.<\/p>\n\n\n\n<p>Embora o c\u00e2ncer de pr\u00f3stata seja o mais comum entre os homens, respons\u00e1vel por 28,6% das mortes por neoplasias malignas segundo o <a href=\"http:\/\/(https:\/\/bvsms.saude.gov.br\/novembro-azul-mes-mundial-de-combate-ao-cancer-de-prostata\/)\" data-type=\"URL\" data-id=\"(https:\/\/bvsms.saude.gov.br\/novembro-azul-mes-mundial-de-combate-ao-cancer-de-prostata\/)\">Minist\u00e9rio da Sa\u00fade<\/a>, existem outras enfermidades que merecem aten\u00e7\u00e3o masculina, como os tumores de bexiga, rins e intestino. &nbsp;<\/p>\n\n\n\n<p>Devido a este quadro, o <a href=\"http:\/\/(https:\/\/www.accamargo.org.br\/sobre-o-cancer\/noticias\/novembro-azul-uma-selecao-de-conteudos-para-voce-saber-tudo-sobre-tumores?utm_source=google&amp;utm_medium=paid-search&amp;utm_campaign=novembro-azul_babel_ac-camargo_nacional_nacional_ac202111a14d650&amp;utm_content=conv_generico_conversao_texto_texto_202111&amp;utm_term=ac202111a14d650&amp;gclid=CjwKCAiAv_KMBhAzEiwAs-rX1OGp5Z1IJ4h2qB48V1XlpSp9NNCyCFkGzCUsCOtRAgNFoNzQ9M7fMRoCXTMQAvD_BwE)\" target=\"_blank\" rel=\"noreferrer noopener\">Hospital A.C. Camargo Cancer Center<\/a>, fundado em 1953 e refer\u00eancia no tratamento oncol\u00f3gico no Brasil, ampliou sua campanha \u201cNovembro Azul\u201d, para o m\u00eas de conscientiza\u00e7\u00e3o da sa\u00fade masculina.<\/p>\n\n\n\n<p>Acessando seu site voc\u00ea encontra uma s\u00e9rie de artigos cient\u00edficos sobre o tema separados por categorias; preven\u00e7\u00e3o, diagn\u00f3stico, tratamento e reabilita\u00e7\u00e3o.<\/p>\n\n\n\n<p>A \u00fanica forma de garantir a cura do c\u00e2ncer de pr\u00f3stata \u00e9 o diagn\u00f3stico precoce. Mesmo na aus\u00eancia de sintomas, homens a partir dos 45 anos com fatores de risco, ou 50 anos sem estes fatores, devem ir ao urologista para avaliar se existem altera\u00e7\u00f5es da gl\u00e2ndula, como endurecimento e a presen\u00e7a de n\u00f3dulos suspeitos.<\/p>\n\n\n\n<p>Cerca de 20% dos pacientes com c\u00e2ncer de pr\u00f3stata s\u00e3o diagnosticados somente pela altera\u00e7\u00e3o no toque retal, por isto a import\u00e2ncia do exame. Procure sua unidade de sa\u00fade, fa\u00e7a o exame e previna-se.<\/p>\n\n\n\n<p><strong>Texto\/Edi\u00e7\u00e3o: Peter Suzano<\/strong><\/p>\n\n\n\n<p><strong>Foto: Mariany Franco<\/strong><\/p>\n","protected":false},"excerpt":{"rendered":"<p>Conscientiza\u00e7\u00e3o vai al\u00e9m do c\u00e2ncer de pr\u00f3stata O Clube Atl\u00e9tico Arama\u00e7an fez uma s\u00e9rie de a\u00e7\u00f5es para promover o \u201cNovembro Azul\u201d, considerado o m\u00eas de conscientiza\u00e7\u00e3o para a preven\u00e7\u00e3o do c\u00e2ncer de pr\u00f3stata. No dia 18, os alunos e professores do Fitness Center Arama\u00e7an vestiram a cor azul durante as aulas. No dia 25, foi&hellip;<\/p>\n","protected":false},"author":2,"featured_media":1132,"comment_status":"open","ping_status":"open","sticky":false,"template":"","format":"standard","meta":{"footnotes":""},"categories":[8],"tags":[176,87,99,252,257,92],"_links":{"self":[{"href":"https:\/\/clubearamacan.com.br\/newsonline\/wp-json\/wp\/v2\/posts\/1125"}],"collection":[{"href":"https:\/\/clubearamacan.com.br\/newsonline\/wp-json\/wp\/v2\/posts"}],"about":[{"href":"https:\/\/clubearamacan.com.br\/newsonline\/wp-json\/wp\/v2\/types\/post"}],"author":[{"embeddable":true,"href":"https:\/\/clubearamacan.com.br\/newsonline\/wp-json\/wp\/v2\/users\/2"}],"replies":[{"embeddable":true,"href":"https:\/\/clubearamacan.com.br\/newsonline\/wp-json\/wp\/v2\/comments?post=1125"}],"version-history":[{"count":3,"href":"https:\/\/clubearamacan.com.br\/newsonline\/wp-json\/wp\/v2\/posts\/1125\/revisions"}],"predecessor-version":[{"id":1139,"href":"https:\/\/clubearamacan.com.br\/newsonline\/wp-json\/wp\/v2\/posts\/1125\/revisions\/1139"}],"wp:featuredmedia":[{"embeddable":true,"href":"https:\/\/clubearamacan.com.br\/newsonline\/wp-json\/wp\/v2\/media\/1132"}],"wp:attachment":[{"href":"https:\/\/clubearamacan.com.br\/newsonline\/wp-json\/wp\/v2\/media?parent=1125"}],"wp:term":[{"taxonomy":"category","embeddable":true,"href":"https:\/\/clubearamacan.com.br\/newsonline\/wp-json\/wp\/v2\/categories?post=1125"},{"taxonomy":"post_tag","embeddable":true,"href":"https:\/\/clubearamacan.com.br\/newsonline\/wp-json\/wp\/v2\/tags?post=1125"}],"curies":[{"name":"wp","href":"https:\/\/api.w.org\/{rel}","templated":true}]}}