{"id":168,"date":"2020-11-05T12:02:00","date_gmt":"2020-11-05T15:02:00","guid":{"rendered":"https:\/\/clubearamacan.com.br\/newsonline\/?p=168"},"modified":"2021-02-16T14:42:36","modified_gmt":"2021-02-16T17:42:36","slug":"cheerleaders-do-aramacan-retornam-aos-treinamentos","status":"publish","type":"post","link":"https:\/\/clubearamacan.com.br\/newsonline\/cheerleaders-do-aramacan-retornam-aos-treinamentos\/","title":{"rendered":"Cheerleaders do Arama\u00e7an Retornam aos Treinamentos"},"content":{"rendered":"\n<p>A Equipe <em>Cheers <\/em>Arama\u00e7an voltou aos treinamentos no \u00faltimo dia 3 de novembro. As aulas s\u00e3o realizadas \u00e0s ter\u00e7as e quintas, das 18h30 \u00e0s 19h30, no Sal\u00e3o Social. Devido a pandemia do novo coronav\u00edrus \u00e9 necess\u00e1rio fazer o agendamento com a treinadora Renata Flam\u00ednio atrav\u00e9s do telefone, (11) 97090 1853. As vagas est\u00e3o limitas a 20 participantes por aula.<\/p>\n\n\n\n<p>O grupo vem encantando os associados do Arama\u00e7an desde dezembro de 2017, quando foi realizada a primeira seletiva da modalidade no Clube. A equipe conta atualmente com 22 crian\u00e7as, com idade de 6 a 10 anos e 21 adolescentes com idade de 11 a 18 anos.<\/p>\n\n\n\n<p>A&nbsp;<em>couch <\/em>Renata&nbsp;teve seu primeiro contato com o esporte ainda anos 90, quando foi <em>cheerleader<\/em> do S\u00e3o Paulo Futebol Clube. Como profissional da \u00e1rea de Educa\u00e7\u00e3o F\u00edsica, ela fez um curso de treinamento na Uni\u00e3o Brasileira de <em>Cheerleaders<\/em>, UBC. \u201cNo Arama\u00e7an fazemos a modalidade<em>&nbsp;Sideline<\/em>, conhecida no Brasil como Anima\u00e7\u00e3o de Torcida\u201d. &nbsp;<\/p>\n\n\n\n<p>O objetivo futuro \u00e9 treinar as atletas para competi\u00e7\u00f5es externas na Categoria <em>All Star, <\/em>nos n\u00edveis 1 e 2. \u201c\u00cdamos participar este ano do<em> Cheerfest<\/em>, que aconteceria em meados de outubro. Devido a pandemia o evento foi realizado on<em> line. <\/em>Semtreinamento n\u00e3o t\u00ednhamos condi\u00e7\u00f5es de mostrar todo o potencial de nossa equipe\u201d, finalizou a treinadora.<\/p>\n\n\n\n<p>Confira o protocolo de reabertura do Clube Atl\u00e9tico Arama\u00e7an: <strong><a href=\"https:\/\/issuu.com\/aramacan3\/docs\/manual_de_preven__o_coronav_rus___4\">P<\/a><\/strong><strong><a href=\"https:\/\/issuu.com\/aramacan3\/docs\/manual_de_preven__o_coronav_rus___4\">r<\/a><\/strong><strong><a href=\"https:\/\/issuu.com\/aramacan3\/docs\/manual_de_preven__o_coronav_rus___4\">o<\/a><\/strong><strong><a href=\"https:\/\/issuu.com\/aramacan3\/docs\/manual_de_preven__o_coronav_rus___4\">t<\/a><\/strong><strong><a href=\"https:\/\/issuu.com\/aramacan3\/docs\/manual_de_preven__o_coronav_rus___4\">o<\/a><\/strong><strong><a href=\"https:\/\/issuu.com\/aramacan3\/docs\/manual_de_preven__o_coronav_rus___4\">c<\/a><\/strong><strong><a href=\"https:\/\/issuu.com\/aramacan3\/docs\/manual_de_preven__o_coronav_rus___4\">o<\/a><\/strong><strong><a href=\"https:\/\/issuu.com\/aramacan3\/docs\/manual_de_preven__o_coronav_rus___4\">l<\/a><\/strong><strong><a href=\"https:\/\/issuu.com\/aramacan3\/docs\/manual_de_preven__o_coronav_rus___4\">o<\/a><\/strong><strong><a href=\"https:\/\/issuu.com\/aramacan3\/docs\/manual_de_preven__o_coronav_rus___4\"> <\/a><\/strong><strong><a href=\"https:\/\/issuu.com\/aramacan3\/docs\/manual_de_preven__o_coronav_rus___4\">d<\/a><\/strong><strong><a href=\"https:\/\/issuu.com\/aramacan3\/docs\/manual_de_preven__o_coronav_rus___4\">e<\/a><\/strong><strong><a href=\"https:\/\/issuu.com\/aramacan3\/docs\/manual_de_preven__o_coronav_rus___4\"> <\/a><\/strong><strong><a href=\"https:\/\/issuu.com\/aramacan3\/docs\/manual_de_preven__o_coronav_rus___4\">R<\/a><\/strong><strong><a href=\"https:\/\/issuu.com\/aramacan3\/docs\/manual_de_preven__o_coronav_rus___4\">e<\/a><\/strong><strong><a href=\"https:\/\/issuu.com\/aramacan3\/docs\/manual_de_preven__o_coronav_rus___4\">a<\/a><\/strong><strong><a href=\"https:\/\/issuu.com\/aramacan3\/docs\/manual_de_preven__o_coronav_rus___4\">b<\/a><\/strong><strong><a href=\"https:\/\/issuu.com\/aramacan3\/docs\/manual_de_preven__o_coronav_rus___4\">e<\/a><\/strong><strong><a href=\"https:\/\/issuu.com\/aramacan3\/docs\/manual_de_preven__o_coronav_rus___4\">r<\/a><\/strong><strong><a href=\"https:\/\/issuu.com\/aramacan3\/docs\/manual_de_preven__o_coronav_rus___4\">t<\/a><\/strong><strong><a href=\"https:\/\/issuu.com\/aramacan3\/docs\/manual_de_preven__o_coronav_rus___4\">u<\/a><\/strong><strong><a href=\"https:\/\/issuu.com\/aramacan3\/docs\/manual_de_preven__o_coronav_rus___4\">r<\/a><\/strong><a href=\"https:\/\/issuu.com\/aramacan3\/docs\/manual_de_preven__o_coronav_rus___4\"><strong>a<\/strong><\/a><\/p>\n\n\n\n<p>Acesse o \u00e1lbum com as fotos do retorno das Cheers Arama\u00e7an: <strong><a href=\"https:\/\/www.facebook.com\/media\/set\/?vanity=aramacan&amp;set=a.3326997610756761\">\u00c1lbum no Faceboo<\/a><\/strong><a href=\"https:\/\/www.facebook.com\/media\/set\/?vanity=aramacan&amp;set=a.3326997610756761\"><strong>k<\/strong><\/a><\/p>\n\n\n\n<p>Reportagem\/Edi\u00e7\u00e3o: Peter Suzano<\/p>\n\n\n\n<p>Fotos: Ramon de Castro<\/p>\n\n\n\n<p><\/p>\n","protected":false},"excerpt":{"rendered":"<p>A Equipe Cheers Arama\u00e7an voltou aos treinamentos no \u00faltimo dia 3 de novembro. As aulas s\u00e3o realizadas \u00e0s ter\u00e7as e quintas, das 18h30 \u00e0s 19h30, no Sal\u00e3o Social. Devido a pandemia do novo coronav\u00edrus \u00e9 necess\u00e1rio fazer o agendamento com a treinadora Renata Flam\u00ednio atrav\u00e9s do telefone, (11) 97090 1853. As vagas est\u00e3o limitas a&hellip;<\/p>\n","protected":false},"author":2,"featured_media":169,"comment_status":"open","ping_status":"open","sticky":false,"template":"","format":"standard","meta":{"footnotes":""},"categories":[8],"tags":[31,42,43,44,11],"_links":{"self":[{"href":"https:\/\/clubearamacan.com.br\/newsonline\/wp-json\/wp\/v2\/posts\/168"}],"collection":[{"href":"https:\/\/clubearamacan.com.br\/newsonline\/wp-json\/wp\/v2\/posts"}],"about":[{"href":"https:\/\/clubearamacan.com.br\/newsonline\/wp-json\/wp\/v2\/types\/post"}],"author":[{"embeddable":true,"href":"https:\/\/clubearamacan.com.br\/newsonline\/wp-json\/wp\/v2\/users\/2"}],"replies":[{"embeddable":true,"href":"https:\/\/clubearamacan.com.br\/newsonline\/wp-json\/wp\/v2\/comments?post=168"}],"version-history":[{"count":3,"href":"https:\/\/clubearamacan.com.br\/newsonline\/wp-json\/wp\/v2\/posts\/168\/revisions"}],"predecessor-version":[{"id":243,"href":"https:\/\/clubearamacan.com.br\/newsonline\/wp-json\/wp\/v2\/posts\/168\/revisions\/243"}],"wp:featuredmedia":[{"embeddable":true,"href":"https:\/\/clubearamacan.com.br\/newsonline\/wp-json\/wp\/v2\/media\/169"}],"wp:attachment":[{"href":"https:\/\/clubearamacan.com.br\/newsonline\/wp-json\/wp\/v2\/media?parent=168"}],"wp:term":[{"taxonomy":"category","embeddable":true,"href":"https:\/\/clubearamacan.com.br\/newsonline\/wp-json\/wp\/v2\/categories?post=168"},{"taxonomy":"post_tag","embeddable":true,"href":"https:\/\/clubearamacan.com.br\/newsonline\/wp-json\/wp\/v2\/tags?post=168"}],"curies":[{"name":"wp","href":"https:\/\/api.w.org\/{rel}","templated":true}]}}