{"id":2926,"date":"2023-04-06T10:13:07","date_gmt":"2023-04-06T13:13:07","guid":{"rendered":"https:\/\/clubearamacan.com.br\/newsonline\/?p=2926"},"modified":"2023-04-06T10:14:49","modified_gmt":"2023-04-06T13:14:49","slug":"palestra-funcionarios","status":"publish","type":"post","link":"https:\/\/clubearamacan.com.br\/newsonline\/palestra-funcionarios\/","title":{"rendered":"Palestra Seguran\u00e7a do Trabalho"},"content":{"rendered":"\n<p>O Clube Atl\u00e9tico Arama\u00e7an realizou no dia 4 de abril uma palestra com o t\u00e9cnico de seguran\u00e7a do trabalho, Euclides Ant\u00f4nio da Costa. O evento contou com a participa\u00e7\u00e3o de funcion\u00e1rios da manuten\u00e7\u00e3o e da limpeza. O tema abordado foi a motiva\u00e7\u00e3o dos colaboradores aliada a seguran\u00e7a no ambiente de trabalho\u201d.<\/p>\n\n\n\n<p>\u201cImportante saberem que a motiva\u00e7\u00e3o deve estar aliada a seguran\u00e7a. N\u00e3o \u00e9 interessante que um trabalhador realize suas tarefas rapidamente sem fazer o uso correto dos EPIs, por exemplo. A produtividade deve sempre caminhar junto as normas da empresa\u201d, disse Euclides.<\/p>\n\n\n\n<p>Confira mais fotos em nossas redes sociais:<strong><a rel=\"noreferrer noopener\" href=\"https:\/\/www.instagram.com\/p\/CqnqixgsOWF\/\" target=\"_blank\"> Instagram <\/a><\/strong> e <strong><a href=\"https:\/\/www.facebook.com\/aramacan\/posts\/596196092543857\" target=\"_blank\" rel=\"noreferrer noopener\">Facebook.<\/a><\/strong><\/p>\n\n\n\n<p><strong>Texto\/fotos: Peter Suzano<\/strong><\/p>\n","protected":false},"excerpt":{"rendered":"<p>O Clube Atl\u00e9tico Arama\u00e7an realizou no dia 4 de abril uma palestra com o t\u00e9cnico de seguran\u00e7a do trabalho, Euclides Ant\u00f4nio da Costa. O evento contou com a participa\u00e7\u00e3o de funcion\u00e1rios da manuten\u00e7\u00e3o e da limpeza. O tema abordado foi a motiva\u00e7\u00e3o dos colaboradores aliada a seguran\u00e7a no ambiente de trabalho\u201d. \u201cImportante saberem que a&hellip;<\/p>\n","protected":false},"author":2,"featured_media":2927,"comment_status":"open","ping_status":"open","sticky":false,"template":"","format":"standard","meta":{"footnotes":""},"categories":[3],"tags":[232,83],"_links":{"self":[{"href":"https:\/\/clubearamacan.com.br\/newsonline\/wp-json\/wp\/v2\/posts\/2926"}],"collection":[{"href":"https:\/\/clubearamacan.com.br\/newsonline\/wp-json\/wp\/v2\/posts"}],"about":[{"href":"https:\/\/clubearamacan.com.br\/newsonline\/wp-json\/wp\/v2\/types\/post"}],"author":[{"embeddable":true,"href":"https:\/\/clubearamacan.com.br\/newsonline\/wp-json\/wp\/v2\/users\/2"}],"replies":[{"embeddable":true,"href":"https:\/\/clubearamacan.com.br\/newsonline\/wp-json\/wp\/v2\/comments?post=2926"}],"version-history":[{"count":3,"href":"https:\/\/clubearamacan.com.br\/newsonline\/wp-json\/wp\/v2\/posts\/2926\/revisions"}],"predecessor-version":[{"id":2930,"href":"https:\/\/clubearamacan.com.br\/newsonline\/wp-json\/wp\/v2\/posts\/2926\/revisions\/2930"}],"wp:featuredmedia":[{"embeddable":true,"href":"https:\/\/clubearamacan.com.br\/newsonline\/wp-json\/wp\/v2\/media\/2927"}],"wp:attachment":[{"href":"https:\/\/clubearamacan.com.br\/newsonline\/wp-json\/wp\/v2\/media?parent=2926"}],"wp:term":[{"taxonomy":"category","embeddable":true,"href":"https:\/\/clubearamacan.com.br\/newsonline\/wp-json\/wp\/v2\/categories?post=2926"},{"taxonomy":"post_tag","embeddable":true,"href":"https:\/\/clubearamacan.com.br\/newsonline\/wp-json\/wp\/v2\/tags?post=2926"}],"curies":[{"name":"wp","href":"https:\/\/api.w.org\/{rel}","templated":true}]}}