{"id":3052,"date":"2023-05-23T09:12:44","date_gmt":"2023-05-23T12:12:44","guid":{"rendered":"https:\/\/clubearamacan.com.br\/newsonline\/?p=3052"},"modified":"2023-05-23T09:30:12","modified_gmt":"2023-05-23T12:30:12","slug":"ballet-aramacan-comemora-dia-internacional-da-danca","status":"publish","type":"post","link":"https:\/\/clubearamacan.com.br\/newsonline\/ballet-aramacan-comemora-dia-internacional-da-danca\/","title":{"rendered":"<strong>Ballet Arama\u00e7an comemora Dia Internacional da Dan\u00e7a<\/strong>"},"content":{"rendered":"\n<p>Para celebrar o Dia Internacional da Dan\u00e7a, (comemorado em 29 de abril), o Arama\u00e7an promoveu uma roda de conversa com os bailarinos Jo\u00e3o Wecker e Yago Sabino e as alunas. <\/p>\n\n\n\n<p>O evento aconteceu no Teatro Arama\u00e7an no dia 16 de maio e contou com uma apresenta\u00e7\u00e3o especial da professora Talita do Ballet Arama\u00e7an.<\/p>\n\n\n\n<p><strong>Texto\/edi\u00e7\u00e3o: Peter Suzano<\/strong><\/p>\n\n\n\n<p><strong>Fotos: Acervo Clube Atl\u00e9tico Arama\u00e7an<\/strong><\/p>\n","protected":false},"excerpt":{"rendered":"<p>Para celebrar o Dia Internacional da Dan\u00e7a, (comemorado em 29 de abril), o Arama\u00e7an promoveu uma roda de conversa com os bailarinos Jo\u00e3o Wecker e Yago Sabino e as alunas. O evento aconteceu no Teatro Arama\u00e7an no dia 16 de maio e contou com uma apresenta\u00e7\u00e3o especial da professora Talita do Ballet Arama\u00e7an. Texto\/edi\u00e7\u00e3o: Peter&hellip;<\/p>\n","protected":false},"author":2,"featured_media":3053,"comment_status":"open","ping_status":"open","sticky":false,"template":"","format":"standard","meta":{"footnotes":""},"categories":[3],"tags":[87,325,124],"_links":{"self":[{"href":"https:\/\/clubearamacan.com.br\/newsonline\/wp-json\/wp\/v2\/posts\/3052"}],"collection":[{"href":"https:\/\/clubearamacan.com.br\/newsonline\/wp-json\/wp\/v2\/posts"}],"about":[{"href":"https:\/\/clubearamacan.com.br\/newsonline\/wp-json\/wp\/v2\/types\/post"}],"author":[{"embeddable":true,"href":"https:\/\/clubearamacan.com.br\/newsonline\/wp-json\/wp\/v2\/users\/2"}],"replies":[{"embeddable":true,"href":"https:\/\/clubearamacan.com.br\/newsonline\/wp-json\/wp\/v2\/comments?post=3052"}],"version-history":[{"count":3,"href":"https:\/\/clubearamacan.com.br\/newsonline\/wp-json\/wp\/v2\/posts\/3052\/revisions"}],"predecessor-version":[{"id":3056,"href":"https:\/\/clubearamacan.com.br\/newsonline\/wp-json\/wp\/v2\/posts\/3052\/revisions\/3056"}],"wp:featuredmedia":[{"embeddable":true,"href":"https:\/\/clubearamacan.com.br\/newsonline\/wp-json\/wp\/v2\/media\/3053"}],"wp:attachment":[{"href":"https:\/\/clubearamacan.com.br\/newsonline\/wp-json\/wp\/v2\/media?parent=3052"}],"wp:term":[{"taxonomy":"category","embeddable":true,"href":"https:\/\/clubearamacan.com.br\/newsonline\/wp-json\/wp\/v2\/categories?post=3052"},{"taxonomy":"post_tag","embeddable":true,"href":"https:\/\/clubearamacan.com.br\/newsonline\/wp-json\/wp\/v2\/tags?post=3052"}],"curies":[{"name":"wp","href":"https:\/\/api.w.org\/{rel}","templated":true}]}}