{"id":3195,"date":"2023-08-10T12:58:54","date_gmt":"2023-08-10T15:58:54","guid":{"rendered":"https:\/\/clubearamacan.com.br\/newsonline\/?p=3195"},"modified":"2023-08-10T12:58:56","modified_gmt":"2023-08-10T15:58:56","slug":"aramacan-93-anos-2","status":"publish","type":"post","link":"https:\/\/clubearamacan.com.br\/newsonline\/aramacan-93-anos-2\/","title":{"rendered":"<strong>Arama\u00e7an 93 Anos<\/strong>"},"content":{"rendered":"\n<p>No dia 6 de agosto, o Arama\u00e7an completou 93 anos. Para comemorar esta data t\u00e3o importante, foi realizada uma grande festa de anivers\u00e1rio para os associados.<\/p>\n\n\n\n<p>O dia come\u00e7ou a realiza\u00e7\u00e3o da tradicional Corrida 10k e Caminhada 5k do Clube, que retornou ap\u00f3s tr\u00eas anos de hiato. A premia\u00e7\u00e3o da competi\u00e7\u00e3o contou com apresenta\u00e7\u00e3o das Cheerleaders, Taekwondo e da Bateria Arama\u00e7an.<\/p>\n\n\n\n<p>A comemora\u00e7\u00e3o continuou com a Feira de Presentes do Dia dos Pais com a entrega de bolo aos presentes. Foi inaugurada no sagu\u00e3o do Edif\u00edcio Arama\u00e7an, a placa comemorativa aos 93 anos do CAA. Foi reinaugurado o Espa\u00e7o Kids do Clube, que passou por uma reforma geral al\u00e9m da instala\u00e7\u00e3o de um elevador de acessibilidade.<\/p>\n\n\n\n<p>Na inaugura\u00e7\u00e3o, o presidente do Arama\u00e7an, Ruberlei Chaves falou da alegria de poder reinaugurar o local. \u201c\u00c9 uma marca muito importante em nossa gest\u00e3o reinaugurar este espa\u00e7o para as crian\u00e7as do Arama\u00e7an. Esperamos que proporcione muita alegria aos nossos jovens associados, como proporcionou as minhas pr\u00f3prias filhas\u201d, disse o presidente.<\/p>\n\n\n\n<p>A partir das 11h da manh\u00e3, os associados puderam aproveitar uma s\u00e9rie de apresenta\u00e7\u00f5es musicais com a Bateria Arama\u00e7an, Carlinhos Garoa e a Banda 3B 1W e a distribui\u00e7\u00e3o de chopp em diversos pontos do Clube. A festa se estendeu por toda a tarde!<\/p>\n\n\n\n<p>Confira mais fotos das comora\u00e7\u00f5es dos 93 anos do Arama\u00e7an em nossas redes sociais: <strong><a href=\"https:\/\/www.facebook.com\/aramacan\" target=\"_blank\" rel=\"noreferrer noopener\">Facebook<\/a><\/strong> e <strong><a href=\"https:\/\/www.instagram.com\/aramacan\/\" target=\"_blank\" rel=\"noreferrer noopener\">Instagram<\/a><\/strong>. <\/p>\n\n\n\n<p><strong>Parab\u00e9ns Arama\u00e7an, 93 Anos!<\/strong><\/p>\n\n\n\n<p><strong>Mais que um Clube, uma fam\u00edlia!<\/strong><\/p>\n\n\n\n<p><strong>Texto\/foto: Peter Suzano<\/strong><\/p>\n","protected":false},"excerpt":{"rendered":"<p>No dia 6 de agosto, o Arama\u00e7an completou 93 anos. Para comemorar esta data t\u00e3o importante, foi realizada uma grande festa de anivers\u00e1rio para os associados. O dia come\u00e7ou a realiza\u00e7\u00e3o da tradicional Corrida 10k e Caminhada 5k do Clube, que retornou ap\u00f3s tr\u00eas anos de hiato. A premia\u00e7\u00e3o da competi\u00e7\u00e3o contou com apresenta\u00e7\u00e3o das&hellip;<\/p>\n","protected":false},"author":2,"featured_media":3196,"comment_status":"open","ping_status":"open","sticky":false,"template":"","format":"standard","meta":{"footnotes":""},"categories":[8],"tags":[232,87,83,99,124],"_links":{"self":[{"href":"https:\/\/clubearamacan.com.br\/newsonline\/wp-json\/wp\/v2\/posts\/3195"}],"collection":[{"href":"https:\/\/clubearamacan.com.br\/newsonline\/wp-json\/wp\/v2\/posts"}],"about":[{"href":"https:\/\/clubearamacan.com.br\/newsonline\/wp-json\/wp\/v2\/types\/post"}],"author":[{"embeddable":true,"href":"https:\/\/clubearamacan.com.br\/newsonline\/wp-json\/wp\/v2\/users\/2"}],"replies":[{"embeddable":true,"href":"https:\/\/clubearamacan.com.br\/newsonline\/wp-json\/wp\/v2\/comments?post=3195"}],"version-history":[{"count":1,"href":"https:\/\/clubearamacan.com.br\/newsonline\/wp-json\/wp\/v2\/posts\/3195\/revisions"}],"predecessor-version":[{"id":3197,"href":"https:\/\/clubearamacan.com.br\/newsonline\/wp-json\/wp\/v2\/posts\/3195\/revisions\/3197"}],"wp:featuredmedia":[{"embeddable":true,"href":"https:\/\/clubearamacan.com.br\/newsonline\/wp-json\/wp\/v2\/media\/3196"}],"wp:attachment":[{"href":"https:\/\/clubearamacan.com.br\/newsonline\/wp-json\/wp\/v2\/media?parent=3195"}],"wp:term":[{"taxonomy":"category","embeddable":true,"href":"https:\/\/clubearamacan.com.br\/newsonline\/wp-json\/wp\/v2\/categories?post=3195"},{"taxonomy":"post_tag","embeddable":true,"href":"https:\/\/clubearamacan.com.br\/newsonline\/wp-json\/wp\/v2\/tags?post=3195"}],"curies":[{"name":"wp","href":"https:\/\/api.w.org\/{rel}","templated":true}]}}