{"id":3390,"date":"2023-11-01T09:48:35","date_gmt":"2023-11-01T12:48:35","guid":{"rendered":"https:\/\/clubearamacan.com.br\/newsonline\/?p=3390"},"modified":"2023-11-01T09:48:35","modified_gmt":"2023-11-01T12:48:35","slug":"ballet-aramacan-conquista-dois-premios-em-festivais-no-mes-de-outubro","status":"publish","type":"post","link":"https:\/\/clubearamacan.com.br\/newsonline\/ballet-aramacan-conquista-dois-premios-em-festivais-no-mes-de-outubro\/","title":{"rendered":"Ballet Arama\u00e7an conquista dois pr\u00eamios em festivais no m\u00eas de outubro"},"content":{"rendered":"<p>A coreografia \u201cInstantes\u201d de Camila Dias, conquistou o primeiro lugar na modalidade trio contempor\u00e2neo, categoria avan\u00e7ado\/s\u00eanior no XI Festival Vida ao Corpo. O concurso foi realizado no dia 29 de outubro, domingo, no Teatro Un\u00edtalo, em Santo Amaro. O elenco contou com as bailarinas Fl\u00e1via Rossi, Gabriela Pasku e Giulia Marostica com dire\u00e7\u00e3o de Silvia Sitta.<\/p>\n<p>No s\u00e1bado, 28 de outubro, nossas bailarinas j\u00e1 haviam conquistado o segundo lugar no festival Pariz Star que aconteceu no Teatro Gamaro, na capital paulista.<\/p>\n<p>Parab\u00e9ns ao Ballet Arama\u00e7an por mais esta conquista.<\/p>\n<p>Confira mais fotos em nossas redes sociais: <a href=\"https:\/\/www.facebook.com\/aramacan\/posts\/722392713257527?ref=embed_post\" target=\"_blank\" rel=\"noopener\"><strong>Facebook<\/strong><\/a> e <a href=\"https:\/\/www.instagram.com\/p\/CzEDb9-uXum\/\" target=\"_blank\" rel=\"noopener\"><strong>Instagram<\/strong><\/a>.<\/p>\n<p>Texto: <a href=\"https:\/\/www.instagram.com\/petersuzano\/\" target=\"_blank\" rel=\"noopener\"><strong>Peter Suzano<\/strong><\/a><\/p>\n<p>Fotos: Acervo Arama\u00e7an<\/p>\n","protected":false},"excerpt":{"rendered":"<p>A coreografia \u201cInstantes\u201d de Camila Dias, conquistou o primeiro lugar na modalidade trio contempor\u00e2neo, categoria avan\u00e7ado\/s\u00eanior no XI Festival Vida ao Corpo. O concurso foi realizado no dia 29 de outubro, domingo, no Teatro Un\u00edtalo, em Santo Amaro. O elenco contou com as bailarinas Fl\u00e1via Rossi, Gabriela Pasku e Giulia Marostica com dire\u00e7\u00e3o de Silvia&hellip;<\/p>\n","protected":false},"author":2,"featured_media":3391,"comment_status":"open","ping_status":"open","sticky":false,"template":"","format":"standard","meta":{"footnotes":""},"categories":[8],"tags":[325,331,124],"_links":{"self":[{"href":"https:\/\/clubearamacan.com.br\/newsonline\/wp-json\/wp\/v2\/posts\/3390"}],"collection":[{"href":"https:\/\/clubearamacan.com.br\/newsonline\/wp-json\/wp\/v2\/posts"}],"about":[{"href":"https:\/\/clubearamacan.com.br\/newsonline\/wp-json\/wp\/v2\/types\/post"}],"author":[{"embeddable":true,"href":"https:\/\/clubearamacan.com.br\/newsonline\/wp-json\/wp\/v2\/users\/2"}],"replies":[{"embeddable":true,"href":"https:\/\/clubearamacan.com.br\/newsonline\/wp-json\/wp\/v2\/comments?post=3390"}],"version-history":[{"count":1,"href":"https:\/\/clubearamacan.com.br\/newsonline\/wp-json\/wp\/v2\/posts\/3390\/revisions"}],"predecessor-version":[{"id":3392,"href":"https:\/\/clubearamacan.com.br\/newsonline\/wp-json\/wp\/v2\/posts\/3390\/revisions\/3392"}],"wp:featuredmedia":[{"embeddable":true,"href":"https:\/\/clubearamacan.com.br\/newsonline\/wp-json\/wp\/v2\/media\/3391"}],"wp:attachment":[{"href":"https:\/\/clubearamacan.com.br\/newsonline\/wp-json\/wp\/v2\/media?parent=3390"}],"wp:term":[{"taxonomy":"category","embeddable":true,"href":"https:\/\/clubearamacan.com.br\/newsonline\/wp-json\/wp\/v2\/categories?post=3390"},{"taxonomy":"post_tag","embeddable":true,"href":"https:\/\/clubearamacan.com.br\/newsonline\/wp-json\/wp\/v2\/tags?post=3390"}],"curies":[{"name":"wp","href":"https:\/\/api.w.org\/{rel}","templated":true}]}}