{"id":3400,"date":"2023-11-09T09:28:12","date_gmt":"2023-11-09T12:28:12","guid":{"rendered":"https:\/\/clubearamacan.com.br\/newsonline\/?p=3400"},"modified":"2023-11-09T09:28:12","modified_gmt":"2023-11-09T12:28:12","slug":"outubro-rosa-2023","status":"publish","type":"post","link":"https:\/\/clubearamacan.com.br\/newsonline\/outubro-rosa-2023\/","title":{"rendered":"Outubro Rosa 2023"},"content":{"rendered":"<p>Durante o m\u00eas de outubro o Arama\u00e7an fez uma s\u00e9rie de atividades voltadas para a conscientiza\u00e7\u00e3o e a import\u00e2ncia do diagn\u00f3stico precoce do c\u00e2ncer de mama. No dia 2 de outubro foi realizada uma postagem informativa nas redes sociais: no Facebook e no Instagram. No dia 4 de outubro, quarta-feira, na etapa do Torneio de Damas de T\u00eanis as atletas participantes usaram pe\u00e7as de roupas na cor rosa iniciando a participa\u00e7\u00e3o esportiva na campanha.<\/p>\n<p>No dia 17 de outubro, o N\u00facleo da Mulher do Arama\u00e7an em parceria com o SABE (Programa Sa\u00fade e Bem-Estar) realizaram uma palestra sobre a preven\u00e7\u00e3o ao c\u00e2ncer de mama. A palestra \u201cDiagn\u00f3stico Precoce\u201d foi ministrada por Francisca Mendon\u00e7a e Amazonita Esashika da ONG Viva Melhor. A institui\u00e7\u00e3o atua no aux\u00edlio das v\u00edtimas da doen\u00e7a com atividades como a confec\u00e7\u00e3o e doa\u00e7\u00e3o de pr\u00f3teses para mulheres mastectomizadas, palestras, reuni\u00f5es de autoajuda e apoio emocional as mulheres.<\/p>\n<p>Na sexta, 20 de outubro, o N\u00facleo da Mulher realizou um a Noite de Karaok\u00ea do Outubro Rosa na Sauna Feminina do Clube. O Ballet Arama\u00e7an tamb\u00e9m entrou na campanha com suas alunas. Na quinta, 26 de outubro a professora Juliane realizou uma aula especial de Flash Outubro Rosa.<\/p>\n<p>Outras modalidades esportivas e sociais tamb\u00e9m entraram na campanha Outubro Rosa do Arama\u00e7an, tais como: o Futebol Feminino, Boliche, Dan\u00e7a de Sal\u00e3o, Sauna Feminina, Beach T\u00eannis, Ballet Arama\u00e7an, Karaok\u00ea Arama\u00e7an, V\u00f4lei de Quadra<\/p>\n<p>De acordo com o<a href=\"https:\/\/www.gov.br\/inca\/pt-br\" target=\"_blank\" rel=\"noopener\"> <strong>Instituto Nacional do C\u00e2ncer, INCA<\/strong><\/a>, o c\u00e2ncer de mama \u00e9 segundo tipo que mais acomete brasileiras, representando em torno de 25% de todos os c\u00e2nceres que afetam o sexo feminino.<\/p>\n<p><strong>Edi\u00e7\u00e3o\/Reportagem\/Foto: <a href=\"https:\/\/www.instagram.com\/petersuzano\/\" target=\"_blank\" rel=\"noopener\">Peter Suzano<\/a><\/strong><\/p>\n","protected":false},"excerpt":{"rendered":"<p>Durante o m\u00eas de outubro o Arama\u00e7an fez uma s\u00e9rie de atividades voltadas para a conscientiza\u00e7\u00e3o e a import\u00e2ncia do diagn\u00f3stico precoce do c\u00e2ncer de mama. No dia 2 de outubro foi realizada uma postagem informativa nas redes sociais: no Facebook e no Instagram. No dia 4 de outubro, quarta-feira, na etapa do Torneio de&hellip;<\/p>\n","protected":false},"author":2,"featured_media":3401,"comment_status":"open","ping_status":"open","sticky":false,"template":"","format":"standard","meta":{"footnotes":""},"categories":[8],"tags":[113,213,124],"_links":{"self":[{"href":"https:\/\/clubearamacan.com.br\/newsonline\/wp-json\/wp\/v2\/posts\/3400"}],"collection":[{"href":"https:\/\/clubearamacan.com.br\/newsonline\/wp-json\/wp\/v2\/posts"}],"about":[{"href":"https:\/\/clubearamacan.com.br\/newsonline\/wp-json\/wp\/v2\/types\/post"}],"author":[{"embeddable":true,"href":"https:\/\/clubearamacan.com.br\/newsonline\/wp-json\/wp\/v2\/users\/2"}],"replies":[{"embeddable":true,"href":"https:\/\/clubearamacan.com.br\/newsonline\/wp-json\/wp\/v2\/comments?post=3400"}],"version-history":[{"count":1,"href":"https:\/\/clubearamacan.com.br\/newsonline\/wp-json\/wp\/v2\/posts\/3400\/revisions"}],"predecessor-version":[{"id":3402,"href":"https:\/\/clubearamacan.com.br\/newsonline\/wp-json\/wp\/v2\/posts\/3400\/revisions\/3402"}],"wp:featuredmedia":[{"embeddable":true,"href":"https:\/\/clubearamacan.com.br\/newsonline\/wp-json\/wp\/v2\/media\/3401"}],"wp:attachment":[{"href":"https:\/\/clubearamacan.com.br\/newsonline\/wp-json\/wp\/v2\/media?parent=3400"}],"wp:term":[{"taxonomy":"category","embeddable":true,"href":"https:\/\/clubearamacan.com.br\/newsonline\/wp-json\/wp\/v2\/categories?post=3400"},{"taxonomy":"post_tag","embeddable":true,"href":"https:\/\/clubearamacan.com.br\/newsonline\/wp-json\/wp\/v2\/tags?post=3400"}],"curies":[{"name":"wp","href":"https:\/\/api.w.org\/{rel}","templated":true}]}}