{"id":3414,"date":"2023-12-28T09:08:28","date_gmt":"2023-12-28T12:08:28","guid":{"rendered":"https:\/\/clubearamacan.com.br\/newsonline\/?p=3414"},"modified":"2023-12-28T09:08:28","modified_gmt":"2023-12-28T12:08:28","slug":"associadas-do-aramacan-ganham-seis-medalhas-em-torneios-nacionais-de-karate","status":"publish","type":"post","link":"https:\/\/clubearamacan.com.br\/newsonline\/associadas-do-aramacan-ganham-seis-medalhas-em-torneios-nacionais-de-karate\/","title":{"rendered":"ASSOCIADAS DO ARAMA\u00c7AN GANHAM SEIS MEDALHAS EM TORNEIOS NACIONAIS DE KARAT\u00ca"},"content":{"rendered":"<p style=\"text-align: left;\">As associadas Beatriz e Clara, conhecidas tamb\u00e9m como \u201cG\u00eameas Karatecas\u201d conquistaram quatro medalhas no Campeonato Brasileiro de Karat\u00ea realizado no dia 15 de novembro, quarta-feira. As g\u00eameas ganharam a medalha de ouro no Kata por equipe. Beatriz tamb\u00e9m foi medalha de ouro no Shiai individual e prata no Kata individual.<\/p>\n<p style=\"text-align: left;\">No Campeonato Brasileiro Estudantil, Bia e Clara ganharam a medalha de bronze no Shiai. A competi\u00e7\u00e3o foi realizada no dia 19 de novembro, domingo, no Gin\u00e1sio Adib Mois\u00e9s em S\u00e3o Bernardo do Campo.<\/p>\n<p style=\"text-align: left;\">Parab\u00e9ns a nossas associadas!<\/p>\n<p>Confira mais fotos acessando nossas redes sociais:\u00a0<a href=\"https:\/\/www.facebook.com\/aramacan\" target=\"_blank\" rel=\"noopener\"><strong>Facebook<\/strong><\/a>\u00a0e<a href=\"https:\/\/www.instagram.com\/p\/Cz_NnTXuXPw\/\" target=\"_blank\" rel=\"noopener\"><strong>\u00a0Instagram<\/strong><\/a>.<\/p>\n<p><strong>Texto\/edi\u00e7\u00e3o:\u00a0<a href=\"https:\/\/www.instagram.com\/petersuzano\/\" target=\"_blank\" rel=\"noopener\">Peter Suzano<\/a><\/strong><\/p>\n<p><strong>Fotos: Acervo Arama\u00e7an<\/strong><\/p>\n","protected":false},"excerpt":{"rendered":"<p>As associadas Beatriz e Clara, conhecidas tamb\u00e9m como \u201cG\u00eameas Karatecas\u201d conquistaram quatro medalhas no Campeonato Brasileiro de Karat\u00ea realizado no dia 15 de novembro, quarta-feira. As g\u00eameas ganharam a medalha de ouro no Kata por equipe. Beatriz tamb\u00e9m foi medalha de ouro no Shiai individual e prata no Kata individual. No Campeonato Brasileiro Estudantil, Bia&hellip;<\/p>\n","protected":false},"author":2,"featured_media":3415,"comment_status":"open","ping_status":"open","sticky":false,"template":"","format":"standard","meta":{"footnotes":""},"categories":[8],"tags":[428,113],"_links":{"self":[{"href":"https:\/\/clubearamacan.com.br\/newsonline\/wp-json\/wp\/v2\/posts\/3414"}],"collection":[{"href":"https:\/\/clubearamacan.com.br\/newsonline\/wp-json\/wp\/v2\/posts"}],"about":[{"href":"https:\/\/clubearamacan.com.br\/newsonline\/wp-json\/wp\/v2\/types\/post"}],"author":[{"embeddable":true,"href":"https:\/\/clubearamacan.com.br\/newsonline\/wp-json\/wp\/v2\/users\/2"}],"replies":[{"embeddable":true,"href":"https:\/\/clubearamacan.com.br\/newsonline\/wp-json\/wp\/v2\/comments?post=3414"}],"version-history":[{"count":2,"href":"https:\/\/clubearamacan.com.br\/newsonline\/wp-json\/wp\/v2\/posts\/3414\/revisions"}],"predecessor-version":[{"id":3417,"href":"https:\/\/clubearamacan.com.br\/newsonline\/wp-json\/wp\/v2\/posts\/3414\/revisions\/3417"}],"wp:featuredmedia":[{"embeddable":true,"href":"https:\/\/clubearamacan.com.br\/newsonline\/wp-json\/wp\/v2\/media\/3415"}],"wp:attachment":[{"href":"https:\/\/clubearamacan.com.br\/newsonline\/wp-json\/wp\/v2\/media?parent=3414"}],"wp:term":[{"taxonomy":"category","embeddable":true,"href":"https:\/\/clubearamacan.com.br\/newsonline\/wp-json\/wp\/v2\/categories?post=3414"},{"taxonomy":"post_tag","embeddable":true,"href":"https:\/\/clubearamacan.com.br\/newsonline\/wp-json\/wp\/v2\/tags?post=3414"}],"curies":[{"name":"wp","href":"https:\/\/api.w.org\/{rel}","templated":true}]}}