{"id":3428,"date":"2023-12-28T11:47:12","date_gmt":"2023-12-28T14:47:12","guid":{"rendered":"https:\/\/clubearamacan.com.br\/newsonline\/?p=3428"},"modified":"2023-12-28T11:47:12","modified_gmt":"2023-12-28T14:47:12","slug":"projeto-caminhar-2023","status":"publish","type":"post","link":"https:\/\/clubearamacan.com.br\/newsonline\/projeto-caminhar-2023\/","title":{"rendered":"PROJETO CAMINHAR 2023"},"content":{"rendered":"<p>O Projeto Caminhar 2023 foi realizado no s\u00e1bado, 25 de novembro, a partir das 12h30 no Sal\u00e3o Tropical do Arama\u00e7an.\u00a0 O evento tem car\u00e1ter beneficente e \u00e9 feito por associados do CAA, que trabalham como volunt\u00e1rios. A renda adquirida com a venda de ingressos \u00e9 toda revertida para a compra de cestas b\u00e1sicas, que s\u00e3o distribu\u00eddas a institui\u00e7\u00f5es filantr\u00f3picas da regi\u00e3o.<\/p>\n<p>Parab\u00e9ns a todos por esse bel\u00edssimo evento!<\/p>\n<p>Confira mais fotos em nossas redes sociais:\u00a0<a href=\"https:\/\/www.facebook.com\/aramacan\/posts\/738125435017588?ref=embed_post\" target=\"_blank\" rel=\"noopener\"><strong>Facebook<\/strong><\/a>\u00a0e\u00a0<a href=\"https:\/\/www.instagram.com\/p\/C0J61YjuZ24\/\" target=\"_blank\" rel=\"noopener\"><strong>Instagram<\/strong><\/a>.<\/p>\n<p><strong>Texto\/fotos:\u00a0<a href=\"https:\/\/www.instagram.com\/petersuzano\/\" target=\"_blank\" rel=\"noopener\">Peter Suzano<\/a><\/strong><\/p>\n","protected":false},"excerpt":{"rendered":"<p>O Projeto Caminhar 2023 foi realizado no s\u00e1bado, 25 de novembro, a partir das 12h30 no Sal\u00e3o Tropical do Arama\u00e7an.\u00a0 O evento tem car\u00e1ter beneficente e \u00e9 feito por associados do CAA, que trabalham como volunt\u00e1rios. A renda adquirida com a venda de ingressos \u00e9 toda revertida para a compra de cestas b\u00e1sicas, que s\u00e3o&hellip;<\/p>\n","protected":false},"author":2,"featured_media":3429,"comment_status":"open","ping_status":"open","sticky":false,"template":"","format":"standard","meta":{"footnotes":""},"categories":[8],"tags":[436,124],"_links":{"self":[{"href":"https:\/\/clubearamacan.com.br\/newsonline\/wp-json\/wp\/v2\/posts\/3428"}],"collection":[{"href":"https:\/\/clubearamacan.com.br\/newsonline\/wp-json\/wp\/v2\/posts"}],"about":[{"href":"https:\/\/clubearamacan.com.br\/newsonline\/wp-json\/wp\/v2\/types\/post"}],"author":[{"embeddable":true,"href":"https:\/\/clubearamacan.com.br\/newsonline\/wp-json\/wp\/v2\/users\/2"}],"replies":[{"embeddable":true,"href":"https:\/\/clubearamacan.com.br\/newsonline\/wp-json\/wp\/v2\/comments?post=3428"}],"version-history":[{"count":2,"href":"https:\/\/clubearamacan.com.br\/newsonline\/wp-json\/wp\/v2\/posts\/3428\/revisions"}],"predecessor-version":[{"id":3431,"href":"https:\/\/clubearamacan.com.br\/newsonline\/wp-json\/wp\/v2\/posts\/3428\/revisions\/3431"}],"wp:featuredmedia":[{"embeddable":true,"href":"https:\/\/clubearamacan.com.br\/newsonline\/wp-json\/wp\/v2\/media\/3429"}],"wp:attachment":[{"href":"https:\/\/clubearamacan.com.br\/newsonline\/wp-json\/wp\/v2\/media?parent=3428"}],"wp:term":[{"taxonomy":"category","embeddable":true,"href":"https:\/\/clubearamacan.com.br\/newsonline\/wp-json\/wp\/v2\/categories?post=3428"},{"taxonomy":"post_tag","embeddable":true,"href":"https:\/\/clubearamacan.com.br\/newsonline\/wp-json\/wp\/v2\/tags?post=3428"}],"curies":[{"name":"wp","href":"https:\/\/api.w.org\/{rel}","templated":true}]}}