{"id":3489,"date":"2024-01-04T09:14:34","date_gmt":"2024-01-04T12:14:34","guid":{"rendered":"https:\/\/clubearamacan.com.br\/newsonline\/?p=3489"},"modified":"2024-01-04T09:14:34","modified_gmt":"2024-01-04T12:14:34","slug":"chegada-do-papai-noel-no-aramacan-2","status":"publish","type":"post","link":"https:\/\/clubearamacan.com.br\/newsonline\/chegada-do-papai-noel-no-aramacan-2\/","title":{"rendered":"CHEGADA DO PAPAI NOEL NO ARAMA\u00c7AN"},"content":{"rendered":"<p>O Papai Noel desembarcou no Clube Atl\u00e9tico Arama\u00e7an no dia 10 de dezembro, domingo, na Quadra Tropical. Foi um dia repleto de atra\u00e7\u00f5es para todas as idades. O evento contou com apresenta\u00e7\u00f5es das Cheerleaders e duas sess\u00f5es de fotos para as crian\u00e7as.<\/p>\n<p>Confira mais fotos em nosso\u00a0<a href=\"https:\/\/www.facebook.com\/aramacan\/posts\/751563413673790?ref=embed_post\" target=\"_blank\" rel=\"noopener\"><strong>Facebook<\/strong>\u00a0<\/a>e\u00a0<strong><a href=\"https:\/\/www.instagram.com\/p\/C1Ce6RqOjlo\/\" target=\"_blank\" rel=\"noopener\">Instagram<\/a><\/strong>.<\/p>\n<p>Texto:\u00a0<strong>Peter Suzano<\/strong><\/p>\n<p>Fotos:\u00a0<strong>Acervo Arama\u00e7an<\/strong><\/p>\n","protected":false},"excerpt":{"rendered":"<p>O Papai Noel desembarcou no Clube Atl\u00e9tico Arama\u00e7an no dia 10 de dezembro, domingo, na Quadra Tropical. Foi um dia repleto de atra\u00e7\u00f5es para todas as idades. O evento contou com apresenta\u00e7\u00f5es das Cheerleaders e duas sess\u00f5es de fotos para as crian\u00e7as. Confira mais fotos em nosso\u00a0Facebook\u00a0e\u00a0Instagram. Texto:\u00a0Peter Suzano Fotos:\u00a0Acervo Arama\u00e7an<\/p>\n","protected":false},"author":2,"featured_media":3490,"comment_status":"open","ping_status":"open","sticky":false,"template":"","format":"standard","meta":{"footnotes":""},"categories":[8],"tags":[254,124],"_links":{"self":[{"href":"https:\/\/clubearamacan.com.br\/newsonline\/wp-json\/wp\/v2\/posts\/3489"}],"collection":[{"href":"https:\/\/clubearamacan.com.br\/newsonline\/wp-json\/wp\/v2\/posts"}],"about":[{"href":"https:\/\/clubearamacan.com.br\/newsonline\/wp-json\/wp\/v2\/types\/post"}],"author":[{"embeddable":true,"href":"https:\/\/clubearamacan.com.br\/newsonline\/wp-json\/wp\/v2\/users\/2"}],"replies":[{"embeddable":true,"href":"https:\/\/clubearamacan.com.br\/newsonline\/wp-json\/wp\/v2\/comments?post=3489"}],"version-history":[{"count":1,"href":"https:\/\/clubearamacan.com.br\/newsonline\/wp-json\/wp\/v2\/posts\/3489\/revisions"}],"predecessor-version":[{"id":3491,"href":"https:\/\/clubearamacan.com.br\/newsonline\/wp-json\/wp\/v2\/posts\/3489\/revisions\/3491"}],"wp:featuredmedia":[{"embeddable":true,"href":"https:\/\/clubearamacan.com.br\/newsonline\/wp-json\/wp\/v2\/media\/3490"}],"wp:attachment":[{"href":"https:\/\/clubearamacan.com.br\/newsonline\/wp-json\/wp\/v2\/media?parent=3489"}],"wp:term":[{"taxonomy":"category","embeddable":true,"href":"https:\/\/clubearamacan.com.br\/newsonline\/wp-json\/wp\/v2\/categories?post=3489"},{"taxonomy":"post_tag","embeddable":true,"href":"https:\/\/clubearamacan.com.br\/newsonline\/wp-json\/wp\/v2\/tags?post=3489"}],"curies":[{"name":"wp","href":"https:\/\/api.w.org\/{rel}","templated":true}]}}