{"id":3492,"date":"2024-01-04T09:45:02","date_gmt":"2024-01-04T12:45:02","guid":{"rendered":"https:\/\/clubearamacan.com.br\/newsonline\/?p=3492"},"modified":"2024-01-04T09:45:02","modified_gmt":"2024-01-04T12:45:02","slug":"ballet-aramacan-e-campeao-no-festival-melhores-da-danca","status":"publish","type":"post","link":"https:\/\/clubearamacan.com.br\/newsonline\/ballet-aramacan-e-campeao-no-festival-melhores-da-danca\/","title":{"rendered":"BALLET ARAMA\u00c7AN \u00c9 CAMPE\u00c3O NO FESTIVAL MELHORES DA DAN\u00c7A"},"content":{"rendered":"<p>O Ballet Arama\u00e7an foi campe\u00e3o na modalidade trio contempor\u00e2neo, no Festival Melhores da Dan\u00e7a 2023, produzido pela Elite Produ\u00e7\u00f5es Art\u00edsticas, realizado no dia 10 de dezembro.<\/p>\n<p>A coreografia vencedora foi a Instantes de Camila Dias com dire\u00e7\u00e3o de Silvia Sitta e elenco composto por: Fl\u00e1via Rossi, Gabriela Pasku e Giulia Mor\u00e1stica.<\/p>\n<p>Parab\u00e9ns a nossas bailarinas!<\/p>\n<p>Texto:\u00a0<a href=\"https:\/\/www.instagram.com\/petersuzano\/\" target=\"_blank\" rel=\"noopener\"><strong>Peter Suzano<\/strong><\/a><\/p>\n<p>Fotos:\u00a0<a href=\"https:\/\/www.instagram.com\/aramacan\/\" target=\"_blank\" rel=\"noopener\"><strong>Acervo Arama\u00e7an<\/strong><\/a><\/p>\n","protected":false},"excerpt":{"rendered":"<p>O Ballet Arama\u00e7an foi campe\u00e3o na modalidade trio contempor\u00e2neo, no Festival Melhores da Dan\u00e7a 2023, produzido pela Elite Produ\u00e7\u00f5es Art\u00edsticas, realizado no dia 10 de dezembro. A coreografia vencedora foi a Instantes de Camila Dias com dire\u00e7\u00e3o de Silvia Sitta e elenco composto por: Fl\u00e1via Rossi, Gabriela Pasku e Giulia Mor\u00e1stica. Parab\u00e9ns a nossas bailarinas!&hellip;<\/p>\n","protected":false},"author":2,"featured_media":3495,"comment_status":"open","ping_status":"open","sticky":false,"template":"","format":"standard","meta":{"footnotes":""},"categories":[8],"tags":[325,124],"_links":{"self":[{"href":"https:\/\/clubearamacan.com.br\/newsonline\/wp-json\/wp\/v2\/posts\/3492"}],"collection":[{"href":"https:\/\/clubearamacan.com.br\/newsonline\/wp-json\/wp\/v2\/posts"}],"about":[{"href":"https:\/\/clubearamacan.com.br\/newsonline\/wp-json\/wp\/v2\/types\/post"}],"author":[{"embeddable":true,"href":"https:\/\/clubearamacan.com.br\/newsonline\/wp-json\/wp\/v2\/users\/2"}],"replies":[{"embeddable":true,"href":"https:\/\/clubearamacan.com.br\/newsonline\/wp-json\/wp\/v2\/comments?post=3492"}],"version-history":[{"count":1,"href":"https:\/\/clubearamacan.com.br\/newsonline\/wp-json\/wp\/v2\/posts\/3492\/revisions"}],"predecessor-version":[{"id":3494,"href":"https:\/\/clubearamacan.com.br\/newsonline\/wp-json\/wp\/v2\/posts\/3492\/revisions\/3494"}],"wp:featuredmedia":[{"embeddable":true,"href":"https:\/\/clubearamacan.com.br\/newsonline\/wp-json\/wp\/v2\/media\/3495"}],"wp:attachment":[{"href":"https:\/\/clubearamacan.com.br\/newsonline\/wp-json\/wp\/v2\/media?parent=3492"}],"wp:term":[{"taxonomy":"category","embeddable":true,"href":"https:\/\/clubearamacan.com.br\/newsonline\/wp-json\/wp\/v2\/categories?post=3492"},{"taxonomy":"post_tag","embeddable":true,"href":"https:\/\/clubearamacan.com.br\/newsonline\/wp-json\/wp\/v2\/tags?post=3492"}],"curies":[{"name":"wp","href":"https:\/\/api.w.org\/{rel}","templated":true}]}}