{"id":3530,"date":"2024-05-23T09:48:05","date_gmt":"2024-05-23T12:48:05","guid":{"rendered":"https:\/\/clubearamacan.com.br\/newsonline\/?p=3530"},"modified":"2024-05-23T09:48:05","modified_gmt":"2024-05-23T12:48:05","slug":"concurso-de-fotografia-dia-das-maes","status":"publish","type":"post","link":"https:\/\/clubearamacan.com.br\/newsonline\/concurso-de-fotografia-dia-das-maes\/","title":{"rendered":"Concurso de Fotografia Dia das M\u00e3es"},"content":{"rendered":"<p>O Departamento Social e o N\u00facleo da Mulher do Clube Atl\u00e9tico Arama\u00e7an realizaram no m\u00eas de maio um concurso de fotografias especial do Dia das M\u00e3es cujo tema proposto foi \u201cTal M\u00e3e, Tal Filho (a)\u201d.<\/p>\n<p>As fotos vencedoras foram: 1\u00ba lugar, Keilla Fortunato, foto, \u201cO Rem\u00e9dio M\u00e1gico\u201d. 2\u00ba lugar, Luana Ramos, foto, \u201cM\u00e3e e Filha no Barco\u201d. 3\u00ba lugar, Viviane de Paula, foto, \u201cM\u00e3e \u00e9 o Lado Doce do Amor\u201d. 4\u00ba lugar, D\u00e9bora Cristina Santos, foto, \u201cEsporte \u00e9 Vida\u201d. 5\u00ba lugar, Amanda Menezes, \u201cTal M\u00e3e, Tal Filha no Carnaval\u201d. 6\u00ba lugar, Heloisa Pontes Rodrigues, foto, \u201cUma Radiante, Gera Filhos Radiantes\u201d. 7\u00ba lugar: Renata Flam\u00ednio, foto \u201cMundo Azul\u201d.<\/p>\n<p>Parab\u00e9ns a todas os participantes!<\/p>\n<p>Confira todas as fotos participantes acessando nosso <a href=\"https:\/\/www.facebook.com\/aramacan\/posts\/843721151124682?ref=embed_post\" target=\"_blank\" rel=\"noopener\"><strong>Facebook<\/strong>!<\/a><\/p>\n<p><strong>Texto: Peter Suzano<\/strong><\/p>\n<p><strong>Fotos: Acervo Arama\u00e7an<\/strong><\/p>\n","protected":false},"excerpt":{"rendered":"<p>O Departamento Social e o N\u00facleo da Mulher do Clube Atl\u00e9tico Arama\u00e7an realizaram no m\u00eas de maio um concurso de fotografias especial do Dia das M\u00e3es cujo tema proposto foi \u201cTal M\u00e3e, Tal Filho (a)\u201d. As fotos vencedoras foram: 1\u00ba lugar, Keilla Fortunato, foto, \u201cO Rem\u00e9dio M\u00e1gico\u201d. 2\u00ba lugar, Luana Ramos, foto, \u201cM\u00e3e e Filha&hellip;<\/p>\n","protected":false},"author":2,"featured_media":3531,"comment_status":"open","ping_status":"open","sticky":false,"template":"","format":"standard","meta":{"footnotes":""},"categories":[8],"tags":[438,155,124],"_links":{"self":[{"href":"https:\/\/clubearamacan.com.br\/newsonline\/wp-json\/wp\/v2\/posts\/3530"}],"collection":[{"href":"https:\/\/clubearamacan.com.br\/newsonline\/wp-json\/wp\/v2\/posts"}],"about":[{"href":"https:\/\/clubearamacan.com.br\/newsonline\/wp-json\/wp\/v2\/types\/post"}],"author":[{"embeddable":true,"href":"https:\/\/clubearamacan.com.br\/newsonline\/wp-json\/wp\/v2\/users\/2"}],"replies":[{"embeddable":true,"href":"https:\/\/clubearamacan.com.br\/newsonline\/wp-json\/wp\/v2\/comments?post=3530"}],"version-history":[{"count":1,"href":"https:\/\/clubearamacan.com.br\/newsonline\/wp-json\/wp\/v2\/posts\/3530\/revisions"}],"predecessor-version":[{"id":3532,"href":"https:\/\/clubearamacan.com.br\/newsonline\/wp-json\/wp\/v2\/posts\/3530\/revisions\/3532"}],"wp:featuredmedia":[{"embeddable":true,"href":"https:\/\/clubearamacan.com.br\/newsonline\/wp-json\/wp\/v2\/media\/3531"}],"wp:attachment":[{"href":"https:\/\/clubearamacan.com.br\/newsonline\/wp-json\/wp\/v2\/media?parent=3530"}],"wp:term":[{"taxonomy":"category","embeddable":true,"href":"https:\/\/clubearamacan.com.br\/newsonline\/wp-json\/wp\/v2\/categories?post=3530"},{"taxonomy":"post_tag","embeddable":true,"href":"https:\/\/clubearamacan.com.br\/newsonline\/wp-json\/wp\/v2\/tags?post=3530"}],"curies":[{"name":"wp","href":"https:\/\/api.w.org\/{rel}","templated":true}]}}