{"id":370,"date":"2021-01-05T10:33:00","date_gmt":"2021-01-05T13:33:00","guid":{"rendered":"https:\/\/clubearamacan.com.br\/newsonline\/?p=370"},"modified":"2021-02-16T14:38:25","modified_gmt":"2021-02-16T17:38:25","slug":"memoria-aramacan","status":"publish","type":"post","link":"https:\/\/clubearamacan.com.br\/newsonline\/memoria-aramacan\/","title":{"rendered":"Mem\u00f3ria Arama\u00e7an"},"content":{"rendered":"\n<p>A coluna Mem\u00f3ria Arama\u00e7an voltou, agora na \u201cNews Arama\u00e7an On Line\u201d. Se voc\u00ea tem uma foto que faz parte da hist\u00f3ria do Clube e quer que ela seja publicada em nosso jornal, envie-a para o e-mail <a href=\"mailto:peter@aramacan.com.br\">peter@aramacan.com.br<\/a>. A imagem deve vir acompanhada com as seguintes informa\u00e7\u00f5es: qual foi o evento, data em que a foto foi tirada, legenda com os nomes das pessoas e nome do fot\u00f3grafo ou da fam\u00edlia a qual pertence e outras informa\u00e7\u00f5es que for relevante. Aguardamos a sua participa\u00e7\u00e3o.<\/p>\n\n\n\n<p>Texto\/Edi\u00e7\u00e3o: Peter Suzano<\/p>\n\n\n\n<p>Foto: Acervo Arama\u00e7an<\/p>\n","protected":false},"excerpt":{"rendered":"<p>A coluna Mem\u00f3ria Arama\u00e7an voltou, agora na \u201cNews Arama\u00e7an On Line\u201d. Se voc\u00ea tem uma foto que faz parte da hist\u00f3ria do Clube e quer que ela seja publicada em nosso jornal, envie-a para o e-mail peter@aramacan.com.br. A imagem deve vir acompanhada com as seguintes informa\u00e7\u00f5es: qual foi o evento, data em que a foto&hellip;<\/p>\n","protected":false},"author":2,"featured_media":371,"comment_status":"open","ping_status":"open","sticky":false,"template":"","format":"standard","meta":{"footnotes":""},"categories":[8],"tags":[87,86,90,88,89],"_links":{"self":[{"href":"https:\/\/clubearamacan.com.br\/newsonline\/wp-json\/wp\/v2\/posts\/370"}],"collection":[{"href":"https:\/\/clubearamacan.com.br\/newsonline\/wp-json\/wp\/v2\/posts"}],"about":[{"href":"https:\/\/clubearamacan.com.br\/newsonline\/wp-json\/wp\/v2\/types\/post"}],"author":[{"embeddable":true,"href":"https:\/\/clubearamacan.com.br\/newsonline\/wp-json\/wp\/v2\/users\/2"}],"replies":[{"embeddable":true,"href":"https:\/\/clubearamacan.com.br\/newsonline\/wp-json\/wp\/v2\/comments?post=370"}],"version-history":[{"count":1,"href":"https:\/\/clubearamacan.com.br\/newsonline\/wp-json\/wp\/v2\/posts\/370\/revisions"}],"predecessor-version":[{"id":372,"href":"https:\/\/clubearamacan.com.br\/newsonline\/wp-json\/wp\/v2\/posts\/370\/revisions\/372"}],"wp:featuredmedia":[{"embeddable":true,"href":"https:\/\/clubearamacan.com.br\/newsonline\/wp-json\/wp\/v2\/media\/371"}],"wp:attachment":[{"href":"https:\/\/clubearamacan.com.br\/newsonline\/wp-json\/wp\/v2\/media?parent=370"}],"wp:term":[{"taxonomy":"category","embeddable":true,"href":"https:\/\/clubearamacan.com.br\/newsonline\/wp-json\/wp\/v2\/categories?post=370"},{"taxonomy":"post_tag","embeddable":true,"href":"https:\/\/clubearamacan.com.br\/newsonline\/wp-json\/wp\/v2\/tags?post=370"}],"curies":[{"name":"wp","href":"https:\/\/api.w.org\/{rel}","templated":true}]}}