{"id":645,"date":"2021-08-25T20:03:54","date_gmt":"2021-08-25T23:03:54","guid":{"rendered":"https:\/\/clubearamacan.com.br\/newsonline\/?p=645"},"modified":"2021-08-26T21:01:01","modified_gmt":"2021-08-27T00:01:01","slug":"missa-de-dia-dos-pais","status":"publish","type":"post","link":"https:\/\/clubearamacan.com.br\/newsonline\/missa-de-dia-dos-pais\/","title":{"rendered":"Missa de Dia dos Pais"},"content":{"rendered":"\n<p>No domingo, 8 de agosto, aconteceu a tradicional Missa de Dia dos Pais, em celebra\u00e7\u00e3o a data comemorada no mesmo dia. Infelizmente a missa foi realizada fora do Clube pelo segundo ano consecutivo, devido \u00e0s restri\u00e7\u00f5es da pandemia da Covid-19.<\/p>\n\n\n\n<p>O evento foi transmitido ao vivo, em nossa p\u00e1gina do <a href=\"https:\/\/www.facebook.com\/137591093030778\/videos\/363600148552362\" target=\"_blank\" rel=\"noreferrer noopener\">Facebook <\/a>e na TV Arama\u00e7an no <a href=\"https:\/\/youtu.be\/UDhlSajzC-8?t=1082\" target=\"_blank\" rel=\"noreferrer noopener\">YouTube<\/a>, diretamente da Par\u00f3quia Nossa Senhora das Gra\u00e7as de Santo Andr\u00e9, com o padre Rudnei Sert\u00f3rio.<\/p>\n\n\n\n<p>Assista a missa na \u00edntegra:<\/p>\n\n\n\n<figure class=\"wp-block-embed is-type-video is-provider-youtube wp-block-embed-youtube wp-embed-aspect-16-9 wp-has-aspect-ratio\"><div class=\"wp-block-embed__wrapper\">\n<iframe loading=\"lazy\" title=\"Missa de Dia dos Pais\" width=\"1200\" height=\"675\" src=\"https:\/\/www.youtube.com\/embed\/UDhlSajzC-8?start=1082&#038;feature=oembed\" frameborder=\"0\" allow=\"accelerometer; autoplay; clipboard-write; encrypted-media; gyroscope; picture-in-picture; web-share\" allowfullscreen><\/iframe>\n<\/div><\/figure>\n\n\n\n<p><em>Por Ramon de Castro, jornalista do CAA.<\/em><\/p>\n","protected":false},"excerpt":{"rendered":"<p>No domingo, 8 de agosto, aconteceu a tradicional Missa de Dia dos Pais, em celebra\u00e7\u00e3o a data comemorada no mesmo dia. Infelizmente a missa foi realizada fora do Clube pelo segundo ano consecutivo, devido \u00e0s restri\u00e7\u00f5es da pandemia da Covid-19. O evento foi transmitido ao vivo, em nossa p\u00e1gina do Facebook e na TV Arama\u00e7an&hellip;<\/p>\n","protected":false},"author":1,"featured_media":646,"comment_status":"open","ping_status":"open","sticky":false,"template":"","format":"standard","meta":{"footnotes":""},"categories":[8],"tags":[99,123,122,124],"_links":{"self":[{"href":"https:\/\/clubearamacan.com.br\/newsonline\/wp-json\/wp\/v2\/posts\/645"}],"collection":[{"href":"https:\/\/clubearamacan.com.br\/newsonline\/wp-json\/wp\/v2\/posts"}],"about":[{"href":"https:\/\/clubearamacan.com.br\/newsonline\/wp-json\/wp\/v2\/types\/post"}],"author":[{"embeddable":true,"href":"https:\/\/clubearamacan.com.br\/newsonline\/wp-json\/wp\/v2\/users\/1"}],"replies":[{"embeddable":true,"href":"https:\/\/clubearamacan.com.br\/newsonline\/wp-json\/wp\/v2\/comments?post=645"}],"version-history":[{"count":2,"href":"https:\/\/clubearamacan.com.br\/newsonline\/wp-json\/wp\/v2\/posts\/645\/revisions"}],"predecessor-version":[{"id":729,"href":"https:\/\/clubearamacan.com.br\/newsonline\/wp-json\/wp\/v2\/posts\/645\/revisions\/729"}],"wp:featuredmedia":[{"embeddable":true,"href":"https:\/\/clubearamacan.com.br\/newsonline\/wp-json\/wp\/v2\/media\/646"}],"wp:attachment":[{"href":"https:\/\/clubearamacan.com.br\/newsonline\/wp-json\/wp\/v2\/media?parent=645"}],"wp:term":[{"taxonomy":"category","embeddable":true,"href":"https:\/\/clubearamacan.com.br\/newsonline\/wp-json\/wp\/v2\/categories?post=645"},{"taxonomy":"post_tag","embeddable":true,"href":"https:\/\/clubearamacan.com.br\/newsonline\/wp-json\/wp\/v2\/tags?post=645"}],"curies":[{"name":"wp","href":"https:\/\/api.w.org\/{rel}","templated":true}]}}